{"id":7102,"date":"2022-05-16T10:29:31","date_gmt":"2022-05-16T10:29:31","guid":{"rendered":"https:\/\/www.feriadeteatro.com\/feria2022\/?p=7102"},"modified":"2022-06-08T19:27:58","modified_gmt":"2022-06-08T19:27:58","slug":"la-feria-de-teatro-vuelve-a-superar-el-millar-de-propuestas-inscritas-para-su-25o-edicion","status":"publish","type":"post","link":"https:\/\/www.feriadeteatro.com\/feria2022\/2022\/05\/16\/la-feria-de-teatro-vuelve-a-superar-el-millar-de-propuestas-inscritas-para-su-25o-edicion\/","title":{"rendered":"LA FERIA DE TEATRO VUELVE A SUPERAR EL MILLAR DE PROPUESTAS INSCRITAS PARA SU 25\u00ba EDICI\u00d3N"},"content":{"rendered":"<p>La Feria de Teatro de Castilla y Le\u00f3n\/Ciudad Rodrigo vuelve a superar el millar de propuestas inscritas para su 25 edici\u00f3n, con un incremento de las inscripciones recibidas de compa\u00f1\u00edas internacionales con propuestas de 22 pa\u00edses diferentes. Destaca el  n\u00famero de propuestas de Castilla y Le\u00f3n, Extremadura y Portugal, as\u00ed como por comunidades el mayor n\u00famero de inscripciones proceden de Madrid, Catalu\u00f1a, Comunidad Valenciana y Andaluc\u00eda. Antes del 15 de junio, todas las compa\u00f1\u00edas recibir\u00e1n comunicaci\u00f3n sobre la selecci\u00f3n o no de sus trabajos<\/p>\n","protected":false},"excerpt":{"rendered":"<p>La Feria de Teatro de Castilla y Le\u00f3n\/Ciudad Rodrigo vuelve a superar el millar de propuestas inscritas para [&hellip;]<\/p>\n","protected":false},"author":2,"featured_media":5783,"comment_status":"open","ping_status":"open","sticky":false,"template":"","format":"standard","meta":{"footnotes":""},"categories":[7,8],"tags":[62,12,13,58],"class_list":["post-7102","post","type-post","status-publish","format-standard","has-post-thumbnail","hentry","category-notas-de-prensa","category-noticias","tag-25feria","tag-artesescenicas","tag-companias","tag-feriadeteatro"],"_links":{"self":[{"href":"https:\/\/www.feriadeteatro.com\/feria2022\/wp-json\/wp\/v2\/posts\/7102","targetHints":{"allow":["GET"]}}],"collection":[{"href":"https:\/\/www.feriadeteatro.com\/feria2022\/wp-json\/wp\/v2\/posts"}],"about":[{"href":"https:\/\/www.feriadeteatro.com\/feria2022\/wp-json\/wp\/v2\/types\/post"}],"author":[{"embeddable":true,"href":"https:\/\/www.feriadeteatro.com\/feria2022\/wp-json\/wp\/v2\/users\/2"}],"replies":[{"embeddable":true,"href":"https:\/\/www.feriadeteatro.com\/feria2022\/wp-json\/wp\/v2\/comments?post=7102"}],"version-history":[{"count":1,"href":"https:\/\/www.feriadeteatro.com\/feria2022\/wp-json\/wp\/v2\/posts\/7102\/revisions"}],"predecessor-version":[{"id":7104,"href":"https:\/\/www.feriadeteatro.com\/feria2022\/wp-json\/wp\/v2\/posts\/7102\/revisions\/7104"}],"wp:featuredmedia":[{"embeddable":true,"href":"https:\/\/www.feriadeteatro.com\/feria2022\/wp-json\/wp\/v2\/media\/5783"}],"wp:attachment":[{"href":"https:\/\/www.feriadeteatro.com\/feria2022\/wp-json\/wp\/v2\/media?parent=7102"}],"wp:term":[{"taxonomy":"category","embeddable":true,"href":"https:\/\/www.feriadeteatro.com\/feria2022\/wp-json\/wp\/v2\/categories?post=7102"},{"taxonomy":"post_tag","embeddable":true,"href":"https:\/\/www.feriadeteatro.com\/feria2022\/wp-json\/wp\/v2\/tags?post=7102"}],"curies":[{"name":"wp","href":"https:\/\/api.w.org\/{rel}","templated":true}]}}