{"id":7153,"date":"2022-06-21T09:43:31","date_gmt":"2022-06-21T09:43:31","guid":{"rendered":"https:\/\/www.feriadeteatro.com\/feria2022\/?p=7153"},"modified":"2022-06-21T09:43:31","modified_gmt":"2022-06-21T09:43:31","slug":"abierta-hasta-el-27-de-julio-la-inscripcion-para-profesionales","status":"publish","type":"post","link":"https:\/\/www.feriadeteatro.com\/feria2022\/2022\/06\/21\/abierta-hasta-el-27-de-julio-la-inscripcion-para-profesionales\/","title":{"rendered":"ABIERTA HASTA EL 27 DE JULIO LA INSCRIPCI\u00d3N PARA PROFESIONALES"},"content":{"rendered":"<p>Del 23 al 27 de agosto tendr\u00e1 lugar la 25\u00aa Feria de Teatro de Castilla y Le\u00f3n en Ciudad Rodrigo, que ofrecer\u00e1 una programaci\u00f3n multidisciplinar, novedosa y equilibrada para que los profesionales  de las artes esc\u00e9nicas pod\u00e1is conocer un abanico de m\u00e1s 45 propuestas diferentes, confeccionando una Feria muy vers\u00e1til y con contenidos muy diversos. Se ha realizado una selecci\u00f3n entre m\u00e1s de mil espect\u00e1culos nacionales e internacionales, bajo el criterio de priorizar la posibilidad real de que los trabajos seleccionados puedan ser contratados y contactados por responsables de programaci\u00f3n y distribuci\u00f3n. La Feria, como mercado de las artes esc\u00e9nicas, atiende a la diversidad de intereses de los profesionales del sector, cuidando el equilibrio respecto a g\u00e9neros, formatos y p\u00fablicos.<br \/>\nDespu\u00e9s de 25 a\u00f1os, continuamos apostando por una l\u00ednea de programaci\u00f3n en la que se presenta una amplia presencia de compa\u00f1\u00edas de Castilla y Le\u00f3n, as\u00ed como una representaci\u00f3n especial de los territorios del Occidente Peninsular, por lo que  Extremadura, Portugal y Galicia, vuelven a tener un protagonismo especial en la Feria, todo esto sin perder representaci\u00f3n de otros territorios de la pen\u00ednsula como Madrid, Catalu\u00f1a, Arag\u00f3n, Pa\u00eds Vasco, Comunidad Valenciana, Andaluc\u00eda o Castilla La Mancha entre otros.<br \/>\nEn esta edici\u00f3n, hemos una programaci\u00f3n vitalista y con la empat\u00eda como motor de contenidos, donde las producciones esc\u00e9nicas reflejan su  preocupaci\u00f3n por todo lo que acontece en nuestro entorno, con protagonismo para el teatro de texto en castellano, las nuevas producciones de reconocidas compa\u00f1\u00edas y la presencia de creaciones esc\u00e9nicas emergente.   Como es habitual, incluiremos una serie de actividades complementarias para profesionales, con la finalidad de potenciar los puntos de encuentro e intercambio profesional, as\u00ed como la dinamizaci\u00f3n de mercado, con caf\u00e9s-tertulia y presentaciones de relevancia para el sector.<br \/>\nTe invitamos a  estar presente en esta Feria que seguro ser\u00e1 especial, no solamente porque cumplimos 25 a\u00f1os sino porque volveremos al bullicio y el encuentro en las calles con normalidad despu\u00e9s de la pandemia, uniendo una vez m\u00e1s mercado, festival y patrimonio de una forma \u00fanica.<br \/>\nPodr\u00e1s ver las condiciones, hacer tu solicitud de participaci\u00f3n y conocer un avance de la programaci\u00f3n en www.feriadeteatro.es .<br \/>\nRecuerda que el cuidado y la atenci\u00f3n para que todos  los\/las  profesionales asistentes puedan realizar su trabajo en las mejores condiciones posibles es nuestro particular empe\u00f1o y se\u00f1a de identidad. Las aceptaci\u00f3n de las inscripciones ser\u00e1n confirmadas por la oficina de la Feria de Teatro, y se priorizar\u00e1n las entidades profesionales m\u00e1s acordes con la l\u00ednea de programaci\u00f3n de la Feria. En vista de nuestra capacidad hotelera, el n\u00famero de plazas para profesionales es limitado en funci\u00f3n de los perfiles profesionales y se primara el orden de inscripci\u00f3n.<br \/>\nAtenci\u00f3n! El plazo de inscripci\u00f3n para profesionales permanecer\u00e1 abierto hasta las 14:00h del 27 de JULIO<br \/>\nNos tienes a tu disposici\u00f3n para cualquier consulta en:<br \/>\ncivitas@feriadeteatro.com o en el tel\u00e9fono 923 48 22 22<br \/>\n\u00a1Nos vemos en Ciudad Rodrigo!<\/p>\n","protected":false},"excerpt":{"rendered":"<p>Del 23 al 27 de agosto tendr\u00e1 lugar la 25\u00aa Feria de Teatro de Castilla y Le\u00f3n en [&hellip;]<\/p>\n","protected":false},"author":2,"featured_media":7154,"comment_status":"open","ping_status":"open","sticky":false,"template":"","format":"standard","meta":{"footnotes":""},"categories":[8],"tags":[63,62,12,65,61,24,64,31],"class_list":["post-7153","post","type-post","status-publish","format-standard","has-post-thumbnail","hentry","category-noticias","tag-25anos","tag-25feria","tag-artesescenicas","tag-castillayleon","tag-ciudadrodrigo","tag-mercado","tag-profesionales","tag-teatro"],"_links":{"self":[{"href":"https:\/\/www.feriadeteatro.com\/feria2022\/wp-json\/wp\/v2\/posts\/7153","targetHints":{"allow":["GET"]}}],"collection":[{"href":"https:\/\/www.feriadeteatro.com\/feria2022\/wp-json\/wp\/v2\/posts"}],"about":[{"href":"https:\/\/www.feriadeteatro.com\/feria2022\/wp-json\/wp\/v2\/types\/post"}],"author":[{"embeddable":true,"href":"https:\/\/www.feriadeteatro.com\/feria2022\/wp-json\/wp\/v2\/users\/2"}],"replies":[{"embeddable":true,"href":"https:\/\/www.feriadeteatro.com\/feria2022\/wp-json\/wp\/v2\/comments?post=7153"}],"version-history":[{"count":1,"href":"https:\/\/www.feriadeteatro.com\/feria2022\/wp-json\/wp\/v2\/posts\/7153\/revisions"}],"predecessor-version":[{"id":7155,"href":"https:\/\/www.feriadeteatro.com\/feria2022\/wp-json\/wp\/v2\/posts\/7153\/revisions\/7155"}],"wp:featuredmedia":[{"embeddable":true,"href":"https:\/\/www.feriadeteatro.com\/feria2022\/wp-json\/wp\/v2\/media\/7154"}],"wp:attachment":[{"href":"https:\/\/www.feriadeteatro.com\/feria2022\/wp-json\/wp\/v2\/media?parent=7153"}],"wp:term":[{"taxonomy":"category","embeddable":true,"href":"https:\/\/www.feriadeteatro.com\/feria2022\/wp-json\/wp\/v2\/categories?post=7153"},{"taxonomy":"post_tag","embeddable":true,"href":"https:\/\/www.feriadeteatro.com\/feria2022\/wp-json\/wp\/v2\/tags?post=7153"}],"curies":[{"name":"wp","href":"https:\/\/api.w.org\/{rel}","templated":true}]}}