{"id":7531,"date":"2022-07-20T08:54:44","date_gmt":"2022-07-20T08:54:44","guid":{"rendered":"https:\/\/www.feriadeteatro.com\/feria2022\/?p=7531"},"modified":"2022-07-20T08:54:44","modified_gmt":"2022-07-20T08:54:44","slug":"la-feria-de-teatro-de-castilla-y-leon-se-afianza-en-su-25-aniversario-como-referente-de-las-artes-escenicas-del-occidente-peninsular-con-un-cartel-de-47-companias-de-tres-paises-y-mas-de-60-funciones","status":"publish","type":"post","link":"https:\/\/www.feriadeteatro.com\/feria2022\/2022\/07\/20\/la-feria-de-teatro-de-castilla-y-leon-se-afianza-en-su-25-aniversario-como-referente-de-las-artes-escenicas-del-occidente-peninsular-con-un-cartel-de-47-companias-de-tres-paises-y-mas-de-60-funciones\/","title":{"rendered":"La Feria de Teatro de Castilla y Le\u00f3n se afianza en su 25 aniversario como referente de las artes esc\u00e9nicas del occidente peninsular con un cartel de 47 compa\u00f1\u00edas de tres pa\u00edses y m\u00e1s de 60 funciones"},"content":{"rendered":"<p>La Feria de Teatro de Castilla y Le\u00f3n se afianza en su 25 aniversario como referente de las artes esc\u00e9nicas del occidente peninsular con un cartel de 47 compa\u00f1\u00edas de tres pa\u00edses y m\u00e1s de 60 funciones<\/p>\n<p>La segoviana Nao D&#8217;Amores inaugurar\u00e1 la Feria de Teatro de Castilla y Le\u00f3n con el montaje &#8216;Numancia&#8217;, coproducido junto a la Compa\u00f1\u00eda Nacional de Teatro Cl\u00e1sico. Ser\u00e1n las primeras de las 47 compa\u00f1\u00edas (43 en el programa oficial y 4 en las actividades paralelas) que actuar\u00e1n en Ciudad Rodrigo entre 23 y el 27 de agosto, en su vigesimoquinto aniversario, con 15 estrenos y m\u00e1s de 60 funciones. Las formaciones castellanas y leonesas vuelven a ser mayoritarias, con 16, entre representantes de otras nueve comunidades espa\u00f1olas, de Brasil y de Portugal, pa\u00eds que ha elegido la cita como espacio prioritario para promocionar sus artes esc\u00e9nicas en Espa\u00f1a. La variedad de formatos, g\u00e9neros, estilos y lenguajes, con propuestas para todo tipo de p\u00fablicos, se impone en una programaci\u00f3n que intensifica la oferta de artes de calle y acent\u00faa su dimensi\u00f3n internacional tras dos a\u00f1os condicionados por la pandemia.<br \/>\nLa Feria de Teatro de Castilla y Le\u00f3n celebrar\u00e1 su vigesimoquinto aniversario con un cartel que ratifica su condici\u00f3n de principal mercado las artes esc\u00e9nicas del occidente peninsular. 43 compa\u00f1\u00edas procedentes de 10 comunidades aut\u00f3nomas espa\u00f1olas y de Portugal integran el programa oficial, y el 70 % corresponde a propuestas de ese territorio. Adem\u00e1s de 15 castellanas y leonesas (m\u00e1s de un tercio del total), se acent\u00faa la dimensi\u00f3n internacional de la Feria con la presencia de 7 compa\u00f1\u00edas portuguesas, se mantiene la colaboraci\u00f3n con la Junta de Extremadura, que aporta otras 5, y de Galicia llegar\u00e1n 3. Del resto del territorio nacional estar\u00e1n representadas Catalu\u00f1a, con 4; Andaluc\u00eda y Madrid, con 3; Comunidad Valenciana, con 2; y Arag\u00f3n, Castilla-La Mancha y Pa\u00eds Vasco, con una en cada caso. En la programaci\u00f3n paralela participar\u00e1n otras 4 formaciones, una m\u00e1s de Castilla y Le\u00f3n, otra de Valencia, una gallega y una de Brasil.<br \/>\nEl programa dise\u00f1ado para esta 25 edici\u00f3n ha sido presentado hoy por el consejero de Cultura, Turismo y Deporte, Gonzalo Santonja, acompa\u00f1ado por el presidente de la Diputaci\u00f3n Provincial de Salamanca, Francisco Javier Iglesias; el alcalde de Ciudad Rodrigo, Marcos Iglesias, y el director de la Feria de Teatro de Castilla y Le\u00f3n, Manuel Gonz\u00e1lez. En las m\u00e1s de 60 funciones que integran la programaci\u00f3n conviven distintas disciplinas esc\u00e9nicas, variados lenguajes art\u00edsticos y diversos formatos, con ejemplos de danza, t\u00edteres, circo, magia y teatro cl\u00e1sico y contempor\u00e1neo, que dan pie a 14 trabajos de calle y 30 de sala, a menudo multidisciplinares y que rompen las fronteras entre g\u00e9neros. Todo ello enfocado a todo tipo de p\u00fablicos con montajes para la primera infancia, p\u00fablico infantil y familiar, j\u00f3venes y adultos, y l\u00edneas argumentales que conectan con la actualidad y la realidad social.<br \/>\nEl Teatro Nuevo Fernando Arrabal, el Espacio Afecir, la Sala Tierra y el Espacio en Rosa servir\u00e1n de escenario a las propuestas junto a distintos edificios hist\u00f3ricos mirobrigenses, ya que la Feria brinda un escaparate a la riqueza arquitect\u00f3nica de Ciudad Rodrigo gracias a la programaci\u00f3n en lugares como los patios del Palacio de Montarco, de Los Sitios y del Colegio Santa Teresa-La Providencia, las plazas del Buen Alcalde, Herrasti y del Conde, los parques de La Glorieta y La Florida, los Jardines de Bolonia y los entornos de la muralla mirobrigense.<br \/>\nCompa\u00f1\u00edas de diez comunidades espa\u00f1olas<br \/>\nLas compa\u00f1\u00edas de Castilla y Le\u00f3n estar\u00e1n presentes en todas las franjas de programaci\u00f3n desde la misma inauguraci\u00f3n en el Teatro Nuevo Fernando Arrabal de Ciudad Rodrigo, que correr\u00e1 a cargo de la segoviana Nao D&#8217;Amores con su obra &#8216;Numancia&#8217;, coproducida junto a la Compa\u00f1\u00eda Nacional de Teatro Cl\u00e1sico. Teloncillo (&#8216;Coser y cantar&#8217;), Miguel de Lucas (&#8216;Hay un mago en ti&#8217;), Spasmo (&#8216;La mejor obra de la historia&#8217;), Los Absurdos (&#8216;Von Lustig&#8217;), La Peque\u00f1a Victoria Cen (&#8216;Disculpa si te presento como que no te conozco&#8217;), Circk About It (&#8216;Loop&#8217;) y Teatro de Poniente (&#8216;El manuscrito de Indias&#8217;) mostrar\u00e1n tambi\u00e9n sus \u00faltimos espect\u00e1culos en Ciudad Rodrigo. A ellas se sumar\u00e1n otras siete compa\u00f1\u00edas de la Comunidad que participan por primera vez en la Feria: Esa Gente (&#8216;Blop&#8217;), Gata por Liebre (&#8216;Una de cal&#8217;), Compa\u00f1\u00eda de Investigaci\u00f3n Teatral H el Arte (&#8216;Lo siento, no era yo&#8217;); Teatro Consentido (&#8216;Champ\u00e1n por las tetas&#8217;), Atrote Teatro (&#8216;Los panes y los peces&#8217;), Producciones 4&#8217;33\u00bb (&#8216;Historia de un invento para contar historias&#8217;) y Al\u00faa Teatro (&#8216;El gran C\u00e1liban&#8217;). Adem\u00e1s, la programaci\u00f3n paralela contar\u00e1 con la instalaci\u00f3n po\u00e9tico- sonora &#8216;Versos que anidan&#8217;, de la zamorana Baychimo.<br \/>\nLa amplia representaci\u00f3n de las artes esc\u00e9nicas del occidente peninsular incluye cinco propuestas extreme\u00f1as (&#8216;Qui\u00e9n se llama Jos\u00e9 Saramago&#8217;, de Karkik Danza &#038; Teatro Das Beiras; &#8216;Ambulantes&#8217;, de Z Teatro; &#8216;Amalia y el r\u00edo&#8217;, de Guirigai; &#8216;El gran circo de la vida&#8217;, de Teatrapo, y &#8216;Femmes&#8217;, de Mar\u00eda Lama) y tres gallegas (&#8216;La lengua de las mariposas&#8217;, de Sarabela; &#8216;Alas para \u00c1lex&#8217;, de Baobab, y &#8216;Las que limpian&#8217;, de A Panadar\u00eda).<br \/>\nViu al Teatre (&#8216;Hop!&#8217;), Circo Los (&#8216;Kasumay&#8217;), Pepa Plana (&#8216;Si t\u00fa te vas&#8217;) y Las Raras (&#8216;EmpodeRaras&#8217;) integran la selecci\u00f3n catalana; El Aedo (&#8216;La metamorfosis de Gregor&#8217;), La Maquin\u00e9 (&#8216;Estaci\u00f3n Para\u00edso&#8217;) y Las Ni\u00f1as de C\u00e1diz (&#8216;Las bingueras de Eur\u00edpides&#8217;), la andaluza; y Dos Hermanas Catorce (&#8216;Atra Bilis&#8217;), Generaci\u00f3n Artes (&#8216;El guardi\u00e1n de las palabras&#8217;) y Teatro a Bocajarro (&#8216;El muerto disimulado&#8217;), la madrile\u00f1a. La valenciana La Monda Lironda, con &#8216;Una casa en las alturas&#8217;; la aragonesa Capic\u00faa Circo, con &#8216;N\u00fcshu&#8217;; la castellanomanchega Albacity Corporation, con &#8216;Cid&#8217; (en colaboraci\u00f3n con La Musga\u00f1a), y la vasca El Mono Habitado, con &#8216;La buena letra&#8217;, completan el cartel oficial de la 25 Feria de Teatro de Castilla y Le\u00f3n.<br \/>\nEn la programaci\u00f3n paralela, adem\u00e1s de Baychimo, estar\u00e1n la gallega Tr\u00e9cola, con la instalaci\u00f3n &#8216;Xiraparus&#8217;; la brasile\u00f1a PlastikOn\u00edrica, con un repertorio de lambe lambe, y la valenciana Produccions Scura, que regresa como invitada, tras alzarse con el Premio del P\u00fablico en la \u00faltima edici\u00f3n precovid, con el espect\u00e1culo pirot\u00e9cnico y musical &#8216;Cavaldeath&#8217; para clausurar en un fin de fiesta del 25 aniversario repleto de luz, color y sonido.<br \/>\nPortugal estrecha lazos con la Feria a trav\u00e9s de DGARTES<br \/>\nLa participaci\u00f3n lusa en la Feria de Teatro de Castilla y Le\u00f3n se incrementa con la implicaci\u00f3n del DGARTES (Dire\u00e7\u00e3o-Geral das Artes, organismo del Ministerio de Cultura de la Rep\u00fablica Portuguesa), que ha elegido la Feria de Teatro de Castilla y Le\u00f3n como espacio prioritario para la promoci\u00f3n de las artes esc\u00e9nicas en  Espa\u00f1a. Del pa\u00eds vecino proceden siete compa\u00f1\u00edas: Este Esta\u00e7ao Teatral (&#8216;Los tres mosqueteros&#8217;), Erva Danhina (&#8216;Rasto&#8217;), Lafontana (&#8216;Tuk-Tuk&#8217;), Circolando\/Trupe Fandanga (&#8216;Qubim&#8217;), Kopinxas (&#8216;Trans(h)um\u00e2ncia&#8217;), Cora\u00e7\u00e3o nas M\u00e3os (&#8216;T\u00e9 de las cinco&#8217;) y Teatro Das Beiras en la mencionada coproducci\u00f3n junto a Karlik Danza en torno a Saramago.<br \/>\nLa alianza con Portugal se plasma tambi\u00e9n en los convenios con el mercado de Fund\u00e3o \u2014que garantiza la presencia de tres compa\u00f1\u00edas de Castilla y Le\u00f3n en su Feira Ib\u00e9rica de Teatro, \u00fanico mercado esc\u00e9nico del pa\u00eds\u2014, y otro que se firmar\u00e1 pr\u00f3ximamente con el  Festival dos Canais de Aveiro.<br \/>\nQuince estrenos y centenarios de Saramago y Nebrija<br \/>\nEl cap\u00edtulo de primicias de esta edici\u00f3n incluye un total de 15 estrenos, 7 de ellos absolutos: &#8216;Blop&#8217;, de Esa Gente; &#8216;Disculpa si te presento como que no te conozco&#8217;, de La Peque\u00f1a Victoria Cen; &#8216;N\u00fcshu&#8217;, de Capic\u00faa Circo; &#8216;La metamorfosis de Gregor&#8217;, de El Aedo; &#8216;Estaci\u00f3n Para\u00edso&#8217;, de La Maquin\u00e9; &#8216;Hop!&#8217;, de Viu al Teatre, y &#8216;Ambulantes&#8217;, de Z Teatro. Adem\u00e1s se presentar\u00e1n por primera vez en castellano 6 espect\u00e1culos: &#8216;Una casa en las alturas&#8217;, de La Monda Lironda;  &#8216;La lengua de las mariposas&#8217;, de Sarabela Teatro;  &#8216;Alas para \u00c1lex&#8217;, de Baobab; &#8216;Si t\u00fa te vas&#8217;, de Pepa Plana; &#8216;Trans(h)um\u00e2ncia&#8217;, de Kopinxas, y &#8216;Tuk-Tuk&#8217;, de Lafontana; y otros dos son estrenos en Espa\u00f1a, &#8216;Rasto&#8217;, de Erva Danhina, y &#8216;T\u00e9 de las cinco&#8217;, de Cora\u00e7\u00e3o nas M\u00e3os.<br \/>\nEl af\u00e1n de renovaci\u00f3n en la oferta de la Feria da pie a que 23 de las 43 compa\u00f1\u00edas seleccionadas para el programa oficial act\u00faen por primera vez en Ciudad Rodrigo y varias de las seleccionadas sean de reciente creaci\u00f3n. En cuanto a los espect\u00e1culos, el 80 % no se han visto a\u00fan en Castilla y Le\u00f3n.<br \/>\nLa actualidad de las propuestas se refleja tambi\u00e9n en los argumentos y en espect\u00e1culos que conmemoran dos efem\u00e9rides culturales de este a\u00f1o: el centenario del nacimiento del escritor portugu\u00e9s Jos\u00e9 Saramago, con la coproducci\u00f3n de Karkik Danza &#038; Teatro das Beiras &#8216;Qui\u00e9n se llama Jos\u00e9 Saramago&#8217;; y el quinto centenario de Elio Antonio de Nebrija, cuya vida recuerda la puesta en escena de Denis Rafter del montaje infantil &#8216;Elio y Elo\u00edsa&#8217;.<br \/>\nProgramaci\u00f3n especial para ni\u00f1os y ni\u00f1as, j\u00f3venes y profesionales<br \/>\nLos ni\u00f1os y ni\u00f1as se convertir\u00e1n un a\u00f1o m\u00e1s en p\u00fablico prioritario de la Feria. Adem\u00e1s de los espect\u00e1culos concebidos para la infancia, el programa espec\u00edfico Divierteatro recuperar\u00e1 en el vigesimoquinto aniversario algunas de las actividades y actuaciones m\u00e1s exitosas realizadas en distintas ediciones. La plaza del Buen Alcalde se transformar\u00e1 para acoger esta propuesta l\u00fadica, pedag\u00f3gica y festiva en distintos espacios dedicados a la creatividad, a actividades manipulativas y al juego dram\u00e1tico, dinamizados por monitores y monitoras de Ciudad Rodrigo. El p\u00fablico joven tambi\u00e9n contar\u00e1 con propuestas propias, con cursos de animaci\u00f3n teatral y de percusi\u00f3n esc\u00e9nica, que dar\u00e1n lugar a un pasacalles musical de teatro inmersivo y comunitario.<br \/>\nComo mercado de artes esc\u00e9nicas, la programaci\u00f3n para profesionales incluir\u00e1 presentaciones de compa\u00f1\u00edas de Castilla y Le\u00f3n, encuentros de circuitos y redes, presentaciones de estudios y publicaciones y distintas convocatorias de intercambio de experiencias. La presencia de profesionales de la gesti\u00f3n cultural, programaci\u00f3n, distribuci\u00f3n y producci\u00f3n esc\u00e9nica permite que la Feria de Teatro de Castilla y Le\u00f3n cumpla con su prop\u00f3sito dinamizador del sector, avalado por los datos. En los cuatro meses posteriores a la pasada edici\u00f3n, el 94 % de las compa\u00f1\u00edas cerraron contratos a ra\u00edz de su participaci\u00f3n en la cita mirobrigense, con un impacto econ\u00f3mico en cach\u00e9s de casi 1,4 millones de euros, casi el doble que en 2020. A esto se suma la repercusi\u00f3n en Ciudad Rodrigo, que \u2014seg\u00fan un estudio de la Coordinadora de Artes Esc\u00e9nicas (Cofae) elaborado por la Universidad de Deusto\u2014 supone un impacto directo de m\u00e1s de 2,3 millones de euros.<br \/>\nAdem\u00e1s de una exposici\u00f3n fotogr\u00e1fica de Jos\u00e9 Vicente en torno a los momentos previos a la salida a escena de los artistas, titulada \u00abDesde el alma\u00bb, entre las actividades paralelas tambi\u00e9n se mantiene la habitual entrega de los Premios Rosa Mar\u00eda Garc\u00eda Cano, que celebran su und\u00e9cima edici\u00f3n en memoria de la que fuera directora de la Feria. Adem\u00e1s se convocar\u00e1 el Premio del P\u00fablico, que se fallar\u00e1 al finalizar la edici\u00f3n, y, como novedad, se crear\u00e1 el Premio &#8216;Provincia a Escena&#8217; de la Diputaci\u00f3n de Salamanca, que se otorgar\u00e1 al mejor espect\u00e1culo infantil y familiar o para todos los p\u00fablicos. El trabajo ganador de este galard\u00f3n formar\u00e1 parte del Festival Provincia a Escena, organizado por la instituci\u00f3n provincial.<br \/>\nLa Feria de Teatro de Castilla y Le\u00f3n est\u00e1 organizada por la Consejer\u00eda de Cultura, Turismo y Deporte y coordinada por la Asociaci\u00f3n Cultural C\u00edvitas Animaci\u00f3n, con la colaboraci\u00f3n de Ayuntamiento de Ciudad Rodrigo y la Diputaci\u00f3n de Salamanca y el apoyo del INAEM, la Junta de Extremadura, Asociaciones Federadas de Empresarios de Ciudad Rodrigo (Afecir), la Direcci\u00f3n General de las Artes del Gobierno de Portugal y Cofae.<br \/>\nM\u00e1s informaci\u00f3n en:<br \/>\nwww.feriadeteatro.com <\/p>\n","protected":false},"excerpt":{"rendered":"<p>La Feria de Teatro de Castilla y Le\u00f3n se afianza en su 25 aniversario como referente de las [&hellip;]<\/p>\n","protected":false},"author":2,"featured_media":7533,"comment_status":"open","ping_status":"open","sticky":false,"template":"","format":"standard","meta":{"footnotes":""},"categories":[7,8],"tags":[63,62,12,71,65,61,72,70,69,31],"class_list":["post-7531","post","type-post","status-publish","format-standard","has-post-thumbnail","hentry","category-notas-de-prensa","category-noticias","tag-25anos","tag-25feria","tag-artesescenicas","tag-ayuntamientodeciudadrodrigo","tag-castillayleon","tag-ciudadrodrigo","tag-civitas","tag-diputacion","tag-juntadecastillayleon","tag-teatro"],"_links":{"self":[{"href":"https:\/\/www.feriadeteatro.com\/feria2022\/wp-json\/wp\/v2\/posts\/7531","targetHints":{"allow":["GET"]}}],"collection":[{"href":"https:\/\/www.feriadeteatro.com\/feria2022\/wp-json\/wp\/v2\/posts"}],"about":[{"href":"https:\/\/www.feriadeteatro.com\/feria2022\/wp-json\/wp\/v2\/types\/post"}],"author":[{"embeddable":true,"href":"https:\/\/www.feriadeteatro.com\/feria2022\/wp-json\/wp\/v2\/users\/2"}],"replies":[{"embeddable":true,"href":"https:\/\/www.feriadeteatro.com\/feria2022\/wp-json\/wp\/v2\/comments?post=7531"}],"version-history":[{"count":1,"href":"https:\/\/www.feriadeteatro.com\/feria2022\/wp-json\/wp\/v2\/posts\/7531\/revisions"}],"predecessor-version":[{"id":7534,"href":"https:\/\/www.feriadeteatro.com\/feria2022\/wp-json\/wp\/v2\/posts\/7531\/revisions\/7534"}],"wp:featuredmedia":[{"embeddable":true,"href":"https:\/\/www.feriadeteatro.com\/feria2022\/wp-json\/wp\/v2\/media\/7533"}],"wp:attachment":[{"href":"https:\/\/www.feriadeteatro.com\/feria2022\/wp-json\/wp\/v2\/media?parent=7531"}],"wp:term":[{"taxonomy":"category","embeddable":true,"href":"https:\/\/www.feriadeteatro.com\/feria2022\/wp-json\/wp\/v2\/categories?post=7531"},{"taxonomy":"post_tag","embeddable":true,"href":"https:\/\/www.feriadeteatro.com\/feria2022\/wp-json\/wp\/v2\/tags?post=7531"}],"curies":[{"name":"wp","href":"https:\/\/api.w.org\/{rel}","templated":true}]}}