{"id":7627,"date":"2022-08-12T09:51:18","date_gmt":"2022-08-12T09:51:18","guid":{"rendered":"https:\/\/www.feriadeteatro.com\/feria2022\/?p=7627"},"modified":"2022-08-12T09:51:18","modified_gmt":"2022-08-12T09:51:18","slug":"la-feria-de-teatro-de-castilla-y-leon-reserva-mas-de-un-tercio-de-su-programacion-a-companias-de-la-comunidad-y-se-abre-a-los-nuevos-proyectos-regionales-con-7-debutantes-en-la-cita-mirobrigense","status":"publish","type":"post","link":"https:\/\/www.feriadeteatro.com\/feria2022\/2022\/08\/12\/la-feria-de-teatro-de-castilla-y-leon-reserva-mas-de-un-tercio-de-su-programacion-a-companias-de-la-comunidad-y-se-abre-a-los-nuevos-proyectos-regionales-con-7-debutantes-en-la-cita-mirobrigense\/","title":{"rendered":"La Feria de Teatro de Castilla y Le\u00f3n reserva m\u00e1s de un tercio de su programaci\u00f3n a compa\u00f1\u00edas de la Comunidad y se abre a los nuevos proyectos regionales con 7 debutantes en la cita mirobrigense"},"content":{"rendered":"<p>La Feria de Teatro de Castilla y Le\u00f3n reserva m\u00e1s de un tercio de su programaci\u00f3n a compa\u00f1\u00edas de la Comunidad y se abre a los nuevos proyectos regionales con 7 debutantes en la cita mirobrigense<\/p>\n<p>Quince compa\u00f1\u00edas en el programa oficial y otra en las actividades complementarias integran la amplia representaci\u00f3n de Castilla y Le\u00f3n en la 25 Feria de Teatro, que se celebrar\u00e1 en Ciudad Rodrigo entre 23 y el 27 de agosto. La selecci\u00f3n plasma la variedad de g\u00e9neros esc\u00e9nicos cultivados en la Comunidad y la rotaci\u00f3n de participantes pone de relieve el talento joven castellano y leon\u00e9s y la irrupci\u00f3n de proyectos emergentes en las artes esc\u00e9nicas regionales, que estar\u00e1n representadas en todas las franjas de programaci\u00f3n.<br \/>\nLa 25 Feria de Teatro de Castilla y Le\u00f3n se reivindica como escaparate de la producci\u00f3n regional con un programa en el que la presencia de compa\u00f1\u00edas de Castilla y Le\u00f3n supera la de las ediciones anteriores a la pandemia. La media habitual de entorno al 30 %  se incrementa ahora hasta superar un tercio de la programaci\u00f3n oficial, 15 de las 43 propuestas esc\u00e9nicas del cartel principal, a las que hay que sumar una m\u00e1s en la programaci\u00f3n paralela y la participaci\u00f3n en el programa de animaci\u00f3n infantil Divierteatro.<br \/>\nEn la selecci\u00f3n de producciones castellanas y leonesas se impone la variedad de g\u00e9neros esc\u00e9nicos y la rotaci\u00f3n de participantes, ya que casi la mitad de las compa\u00f1\u00edas debutan en la Feria, con lo que se conjugan la veteran\u00eda y el talento joven. Siete proyectos emergentes se presentan por primera vez en la cita mirobrigense al lado de consagrados como los \u00fanicos programados el pasado a\u00f1o y que repiten presencia, Nao D&#8217;Amores, que inaugurar\u00e1 la vigesimoquinta edici\u00f3n con la &#8216;Numancia&#8217; de Cervantes coproducida con la Compa\u00f1\u00eda Nacional de Teatro Cl\u00e1sico; y Teloncillo, que pondr\u00e1 en escena su \u00faltimo montaje para ni\u00f1os y ni\u00f1as, &#8216;Coser y cantar&#8217;.<br \/>\nEsa Gente (&#8216;Blop&#8217;), Gata por Liebre (&#8216;Una de cal&#8217;), Compa\u00f1\u00eda de Investigaci\u00f3n Teatral H el Arte (&#8216;Lo siento, no era yo&#8217;); Teatro Consentido (&#8216;Champ\u00e1n por las tetas&#8217;), Atrote Teatro (&#8216;Los panes y los peces&#8217;), Producciones 4&#8217;33\u00bb (&#8216;Historia de un invento para contar historias&#8217;) y Al\u00faa Teatro (&#8216;El gran C\u00e1liban&#8217;) integran la relaci\u00f3n de debutantes.<br \/>\nLa presencia castellana y leonesa se completar\u00e1 con Miguel de Lucas (&#8216;Hay un mago en ti&#8217;), Spasmo (&#8216;La mejor obra de la historia&#8217;), Los Absurdos (&#8216;Von Lustig&#8217;), La Peque\u00f1a Victoria Cen \/ Miguel Barreto (&#8216;Disculpa si te presento como que no te conozco&#8217;), Circk About It (&#8216;Loop&#8217;) y Teatro de Poniente (&#8216;El manuscrito de Indias&#8217;).<br \/>\nAdem\u00e1s de los quince del cartel oficial, las actividades paralelas contar\u00e1n con otro nombre de la tierra: el de los zamoranos de Baychimo, que aportar\u00e1n a la Feria de Teatro la instalaci\u00f3n po\u00e9tico-sonora &#8216;Versos que anidan&#8217;; el programa de animaci\u00f3n teatral infantil Divierteatro tambi\u00e9n reserva especial protagonismo a compa\u00f1\u00edas de la Comunidad, y otras cuatro de las seleccionadas con sede en distintos territorios cuentan con participaci\u00f3n de artistas de Castilla y Le\u00f3n, bien en sus elencos o en la direcci\u00f3n.<br \/>\nLa variedad de g\u00e9neros y estilos que caracterizan la programaci\u00f3n de la 25 Feria de Teatro de Castilla y Le\u00f3n se traslada tambi\u00e9n a los seleccionados de la Comunidad. Sus propuestas abarcan desde el teatro Cl\u00e1sico, de Nao D&#8217;Amores y Teatro de Poniente; las dramaturgias contempor\u00e1neas de Los Absurdos o Producciones 4&#8217;33\u00bb; las nuevas dramaturgias de Gata por Liebre, Atrote Teatro o Compa\u00f1\u00eda de Investigaci\u00f3n Teatral H el Arte; el circo de La Peque\u00f1a Victoria Cen y Circk About It; la danza de Esa Gente; espect\u00e1culos para la primera infancia, con Teloncillo, hasta la magia de Miguel de Lucas. En algunos casos, son trabajos interdisciplinares que entran en varios terrenos creativos.<br \/>\nPromoci\u00f3n y difusi\u00f3n<br \/>\nEn su vertiente de mercado de artes esc\u00e9nicas, las producciones de Castilla y Le\u00f3n adquieren especial protagonismo en las actividades de promoci\u00f3n, con una mesa espec\u00edfica de presentaciones que busca facilitar la contrataci\u00f3n por parte de los profesionales asistentes. Tambi\u00e9n la colaboraci\u00f3n con la Feira de Teatro Ib\u00e9rico repercute en la movilidad de las compa\u00f1\u00edas castellanas y leonesas, ya que propicia la actuaci\u00f3n de tres de ellas en el \u00fanico mercado esc\u00e9nico de Portugal, la Feira de Teatro Ib\u00e9rico de Fund\u00e2o.<br \/>\nLa Feria de Teatro de Castilla y Le\u00f3n ejerce adem\u00e1s como escaparate de la producci\u00f3n regional durante todo el a\u00f1o gracias al cat\u00e1logo virtual alojado en la web (https:\/\/www.feriadeteatro.com\/catalogociascyl\/), que se actualizar\u00e1 este mes de agosto y que en la actualidad facilita informaci\u00f3n sobre un centenar de compa\u00f1\u00edas.<br \/>\nLa Feria de Teatro de Castilla y Le\u00f3n est\u00e1 organizada por la Consejer\u00eda de Cultura, Turismo y Deporte y coordinada por la Asociaci\u00f3n Cultural C\u00edvitas Animaci\u00f3n, con la colaboraci\u00f3n de Ayuntamiento de Ciudad Rodrigo y la Diputaci\u00f3n de Salamanca y el apoyo del INAEM, la Junta de Extremadura, Asociaciones Federadas de Empresarios de Ciudad Rodrigo (Afecir), la Direcci\u00f3n General de las Artes del Gobierno de Portugal y Cofae.<br \/>\nM\u00e1s informaci\u00f3n en:<br \/>\nwww.feriadeteatro.com <\/p>\n","protected":false},"excerpt":{"rendered":"<p>La Feria de Teatro de Castilla y Le\u00f3n reserva m\u00e1s de un tercio de su programaci\u00f3n a compa\u00f1\u00edas [&hellip;]<\/p>\n","protected":false},"author":2,"featured_media":7628,"comment_status":"open","ping_status":"open","sticky":false,"template":"","format":"standard","meta":{"footnotes":""},"categories":[7,8],"tags":[],"class_list":["post-7627","post","type-post","status-publish","format-standard","has-post-thumbnail","hentry","category-notas-de-prensa","category-noticias"],"_links":{"self":[{"href":"https:\/\/www.feriadeteatro.com\/feria2022\/wp-json\/wp\/v2\/posts\/7627","targetHints":{"allow":["GET"]}}],"collection":[{"href":"https:\/\/www.feriadeteatro.com\/feria2022\/wp-json\/wp\/v2\/posts"}],"about":[{"href":"https:\/\/www.feriadeteatro.com\/feria2022\/wp-json\/wp\/v2\/types\/post"}],"author":[{"embeddable":true,"href":"https:\/\/www.feriadeteatro.com\/feria2022\/wp-json\/wp\/v2\/users\/2"}],"replies":[{"embeddable":true,"href":"https:\/\/www.feriadeteatro.com\/feria2022\/wp-json\/wp\/v2\/comments?post=7627"}],"version-history":[{"count":1,"href":"https:\/\/www.feriadeteatro.com\/feria2022\/wp-json\/wp\/v2\/posts\/7627\/revisions"}],"predecessor-version":[{"id":7629,"href":"https:\/\/www.feriadeteatro.com\/feria2022\/wp-json\/wp\/v2\/posts\/7627\/revisions\/7629"}],"wp:featuredmedia":[{"embeddable":true,"href":"https:\/\/www.feriadeteatro.com\/feria2022\/wp-json\/wp\/v2\/media\/7628"}],"wp:attachment":[{"href":"https:\/\/www.feriadeteatro.com\/feria2022\/wp-json\/wp\/v2\/media?parent=7627"}],"wp:term":[{"taxonomy":"category","embeddable":true,"href":"https:\/\/www.feriadeteatro.com\/feria2022\/wp-json\/wp\/v2\/categories?post=7627"},{"taxonomy":"post_tag","embeddable":true,"href":"https:\/\/www.feriadeteatro.com\/feria2022\/wp-json\/wp\/v2\/tags?post=7627"}],"curies":[{"name":"wp","href":"https:\/\/api.w.org\/{rel}","templated":true}]}}