{"id":7810,"date":"2022-08-22T11:19:27","date_gmt":"2022-08-22T11:19:27","guid":{"rendered":"https:\/\/www.feriadeteatro.com\/feria2022\/?p=7810"},"modified":"2022-08-22T11:19:27","modified_gmt":"2022-08-22T11:19:27","slug":"nao-damores-inaugura-la-feria-de-teatro-de-castilla-y-leon-en-una-jornada-que-brindara-el-primero-de-los-7-estrenos-absolutos-del-vigesimoquinto-aniversario","status":"publish","type":"post","link":"https:\/\/www.feriadeteatro.com\/feria2022\/2022\/08\/22\/nao-damores-inaugura-la-feria-de-teatro-de-castilla-y-leon-en-una-jornada-que-brindara-el-primero-de-los-7-estrenos-absolutos-del-vigesimoquinto-aniversario\/","title":{"rendered":"Nao D&#8217;Amores inaugura la Feria de Teatro de Castilla y Le\u00f3n en una jornada que brindar\u00e1 el primero de los 7 estrenos absolutos del vigesimoquinto aniversario"},"content":{"rendered":"<p>Nao D&#8217;Amores inaugura la Feria de Teatro de Castilla y Le\u00f3n en una jornada que brindar\u00e1 el primero de los 7 estrenos absolutos del vigesimoquinto aniversario<br \/>\nLa 25 Feria de Teatro de Castilla y Le\u00f3n iniciar\u00e1 ma\u00f1ana su edici\u00f3n m\u00e1s internacional con una propuesta que remite a la historia de la Comunidad: la &#8216;Numancia&#8217; de Cervantes coproducida por la segoviana Nao D&#8217;Amores y la Compa\u00f1\u00eda Nacional de Teatro Cl\u00e1sico. La jornada inaugural incluir\u00e1 cinco espect\u00e1culos m\u00e1s: el estreno absoluto del trabajo circense &#8216;N\u00fcShu&#8217;, de Capic\u00faa; &#8216;Amalia y el r\u00edo&#8217;, de Teatro Guirigai; &#8216;Qui\u00e9n se llama Jos\u00e9 Saramago&#8217;, de Karlik Danza y Teatro das Beiras; &#8216;Cine mudo: historia de un invento para contar historias&#8217;, de Producciones 4&#8217;33\u00bb, y &#8216;Los Mosqu3teros&#8217;, de EsTe-Esta\u00e7\u00e3o Teatral y Marmore. Ser\u00e1n los primeros de los 43 montajes y m\u00e1s de 60 representaciones del programa oficial que se suceder\u00e1n hasta el 27 de agosto en salas y espacios al aire libre de Ciudad Rodrigo, un cartel que abarca todos los g\u00e9neros esc\u00e9nicos y se dirige a todos los p\u00fablicos.<br \/>\nLa tragedia cervantina &#8216;Numancia&#8217; recreada por Nao D&#8217;Amores y la Compa\u00f1\u00eda Nacional de Teatro Cl\u00e1sico abrir\u00e1 ma\u00f1ana martes en el Teatro Nuevo Fernando Arrabal de Ciudad Rodrigo (18.00 horas) la 25 Feria de Teatro de Castilla y Le\u00f3n. La obra, que encierra una reflexi\u00f3n \u00absobre los l\u00edmites de la libertad humana, individual y colectiva\u00bb, est\u00e1 dirigida por Ana Zamora e interpretada por Jos\u00e9 Luis Alcobendas, Alfonso Barreno, Javier Lara, Cristina Mar\u00edn-Mir\u00f3, Eduardo Mayo, Alejandro Sa\u00e1, Jos\u00e9 Luis Verguizas e Isabel Zamora. Con ella se inicia la edici\u00f3n del vigesimoquinto aniversario del mercado esc\u00e9nico, que ofrecer\u00e1 en su jornada inicial el primero de los siete estrenos absolutos programados.<br \/>\nEl vicepresidente de la Junta de Castilla y Le\u00f3n, Juan Garc\u00eda Gallardo; el consejero de Cultura, Turismo y Deporte, Gonzalo Santonja; el presidente de la Diputaci\u00f3n de Salamanca, Javier Iglesias; el alcalde de Ciudad Rodrigo, Marcos Iglesias; el director general de las Artes del Ministerio de Cultura de Portugal, Am\u00e9rico Rodrigues; la subdelegada del Gobierno en Salamanca, Mar\u00eda Encarnaci\u00f3n P\u00e9rez; la secretaria general de Cultura de la Junta de Extremadura, Miriam Garc\u00eda Cabezas, y el director de la Feria de Teatro, Manuel Gonz\u00e1lez Fern\u00e1ndez, presidir\u00e1n en la tarde de ma\u00f1ana el acto de inauguraci\u00f3n que se celebrar\u00e1 en el palacio de Montarco mirobrigense (17.00 horas).<br \/>\nEn su vigesimoquinta edici\u00f3n la Feria de Teatro recupera la cifra de asistencia profesional de los a\u00f1os previos a la pandemia, con 270 entidades inscritas, m\u00e1s de la mitad de perfil comprador y procedentes de todas las comunidades aut\u00f3nomas. Entre la presencia internacional, destacan los profesionales de Portugal, que en esta edici\u00f3n se incrementan al amparo de los diferentes acuerdos de colaboraci\u00f3n con distintas entidades lusas. Todo ello implica que casi setecientas personas del sector de las artes esc\u00e9nicas visitar\u00e1n Ciudad Rodrigo para participar de las acciones profesionales de la Feria de Teatro, en una edici\u00f3n en la que se refuerza su protagonismo en el occidente peninsular.<br \/>\nTras la actuaci\u00f3n inaugural en el Teatro Nuevo, la primera de las jornadas ofrecer\u00e1 cinco trabajos m\u00e1s en diferentes espacios. La destacada representaci\u00f3n de Extremadura en la programaci\u00f3n, con siete compa\u00f1\u00edas y seis espect\u00e1culos, comenzar\u00e1 con la puesta en escena de &#8216;Amalia y el r\u00edo&#8217;, de los pacenses Teatro Guirigai. La Sala Tierra (19.30 horas) acoger\u00e1 este montaje que plasma los v\u00ednculos geogr\u00e1ficos y hist\u00f3ricos con Portugal. El montaje, con dramaturgia y direcci\u00f3n de Agust\u00edn Iglesias y con Magda G\u00aa-Arenal y C\u00e1ndido G\u00f3mez sobre el escenario, se basa en las historias de contrabando en la frontera hispanolusa entre d\u00e9cadas de los cuarenta y los sesenta.<br \/>\nEl primero de los siete estrenos absolutos de la edici\u00f3n llegar\u00e1 de la mano de la compa\u00f1\u00eda oscense Capic\u00faa, que presentar\u00e1 en los Jardines de Bolonia (20.00 horas) su espect\u00e1culo circense &#8216;N\u00fcShu&#8217;, en el que cinco mujeres (Yolanda Guti\u00e9rrez, Rebeca Guti\u00e9rrez, Misa Oliva, Mari Paz Arango y Sof\u00eda Ferrari), dirigidas por Francesca Lissia, ejecutan acrobacias mientras cosen y bailan en un particular taller de confecci\u00f3n.<br \/>\nEn un programa en el que los l\u00edmites entre g\u00e9neros se difuminan, la coproducci\u00f3n de la extreme\u00f1a Karlik Danza y la portuguesa Teatro das Beiras a\u00fana danza y teatro para contribuir a la conmemoraci\u00f3n del centenario del nacimiento de Jos\u00e9 Saramago, con el apoyo de la Junta de Extremadura y la Fundaci\u00f3n dedicada el autor. &#8216;Qui\u00e9n se llama Jos\u00e9 Saramago&#8217; se sumergir\u00e1 en el universo del escritor bajo la direcci\u00f3n de Cristina D. Silveira y con Jorge Barrantes, S\u00edlvia Morais, Elena Rocha y Tiago Moreira en la representaci\u00f3n programada en el Espacio Afecir (21.00 horas).<br \/>\nA la segoviana Nao D&#8217;Amores se unir\u00e1 en la primera jornada otra compa\u00f1\u00eda de Castilla y Le\u00f3n de las 15 seleccionadas en el cartel principal de la Feria. Ser\u00e1 la vallisoletana Producciones 4&#8217;33\u00bb, que presentar\u00e1 en la zona de la muralla, entre las puertas del Sol y San Pelayo (22.30 horas) su &#8216;Cine mudo: historia de un invento para contar historias&#8217;. Ya estrenada en sala, la obra se representar\u00e1 por primera vez en calle y rescata la historia de Alice Guy, la primera persona en dirigir una pel\u00edcula de ficci\u00f3n, a partir de un texto de Chema Trujillo dirigido por Inda \u00c1lvarez e interpretado por Alba Frechilla, Chema Corvo y Alicia Garrudo.<br \/>\nOtra coproducci\u00f3n hispanolusa: &#8216;Los Mosqu3teros&#8217;, de EsTe-Esta\u00e7\u00e3o Teatral y la extreme\u00f1a Marmore cerrar\u00e1 el programa de la jornada inaugural en el patio de los Sitios (23.30 horas). La adaptaci\u00f3n de la novela de Alejandro Dumas, dirigida por Jos\u00e9 C. Garc\u00eda y con \u00c1ngel Fragua, Beatriz Sol\u00eds, Jo\u00e3o Figueira, Samuel Querido, Pedro Fino y Tiago Poiares como int\u00e9rpretes, ha contado con el apoyo de la C\u00e1mara Municipal de Fund\u00e3o y Festival de Teatro Cl\u00e1sico de C\u00e1ceres.<br \/>\nEl protagonismo de las formaciones castellanas y leonesas, extreme\u00f1as y portuguesas de este primer d\u00eda refleja la principal se\u00f1a de identidad de la Feria de Teatro de Castilla y Le\u00f3n, que en esta vigesimoquinta edici\u00f3n se reafirma como principal mercado esc\u00e9nico del occidente peninsular.<br \/>\nEl inicio de la programaci\u00f3n paralela ofrecer\u00e1 desde ma\u00f1ana otras propuestas esc\u00e9nicas. La zamorana Baychimo Teatro llevar\u00e1 al parque de La Florida su instalaci\u00f3n po\u00e9tico-sonora &#8216;Versos que anidan&#8217;, que podr\u00e1 visitarse hasta el final de la Feria de 11.00 a 14.00 y de 19.00 a 21.30 horas. Adem\u00e1s, la brasile\u00f1a PlastikOn\u00edrica exhibir\u00e1 un repertorio de lambe lambe (teatro en miniatura) en varios espacios y sesiones de ma\u00f1ana y tarde durante las dos primeras jornadas de la Feria.<br \/>\nCompa\u00f1\u00edas de diez comunidades<br \/>\nGalicia, con 3 compa\u00f1\u00edas; Catalu\u00f1a, con 4; Andaluc\u00eda y Madrid, con 3; Comunidad Valenciana, con 2; y Arag\u00f3n, Castilla-La Mancha y Pa\u00eds Vasco, con una en cada caso completan la relaci\u00f3n de las diez comunidades presentes en el cartel oficial de la 25 Feria de Teatro de Castilla y Le\u00f3n. Adem\u00e1s, en la programaci\u00f3n paralela participar\u00e1n otras 4 formaciones, una de Castilla y Le\u00f3n, otra de Valencia, una gallega y una de Brasil; y el programa de animaci\u00f3n infantil Divierteatro contar\u00e1 con tres compa\u00f1\u00edas castellanas y leonesas m\u00e1s.<br \/>\nEn la representaci\u00f3n internacional, las artes esc\u00e9nicas lusas se refuerzan con la implicaci\u00f3n de DGARTES (la Dire\u00e7\u00e3o-Geral das Artes de la Rep\u00fablica Portuguesa), que ha elegido este a\u00f1o la Feria de Teatro de Castilla y Le\u00f3n como espacio prioritario para la promoci\u00f3n de sus producciones en Espa\u00f1a y que supone la participaci\u00f3n de 7 compa\u00f1\u00edas del pa\u00eds vecino.<br \/>\n14 trabajos de calle y 30 de sala dan contenido a un programa que incluye espect\u00e1culos de distintas disciplinas esc\u00e9nicas y dirigidos a todos los p\u00fablicos, desde la primera infancia a los espectadores adultos.<br \/>\nLa Feria de Teatro de Castilla y Le\u00f3n est\u00e1 organizada por la Consejer\u00eda de Cultura, Turismo y Deporte y coordinada por la Asociaci\u00f3n Cultural C\u00edvitas Animaci\u00f3n, con la colaboraci\u00f3n de Ayuntamiento de Ciudad Rodrigo y la Diputaci\u00f3n de Salamanca y el apoyo del INAEM, la Junta de Extremadura, Asociaciones Federadas de Empresarios de Ciudad Rodrigo (Afecir), la Direcci\u00f3n General de las Artes del Gobierno de Portugal y Cofae.<br \/>\nM\u00e1s informaci\u00f3n en:<br \/>\nwww.feriadeteatro.com <\/p>\n","protected":false},"excerpt":{"rendered":"<p>Nao D&#8217;Amores inaugura la Feria de Teatro de Castilla y Le\u00f3n en una jornada que brindar\u00e1 el primero [&hellip;]<\/p>\n","protected":false},"author":2,"featured_media":7811,"comment_status":"open","ping_status":"open","sticky":false,"template":"","format":"standard","meta":{"footnotes":""},"categories":[7,8],"tags":[],"class_list":["post-7810","post","type-post","status-publish","format-standard","has-post-thumbnail","hentry","category-notas-de-prensa","category-noticias"],"_links":{"self":[{"href":"https:\/\/www.feriadeteatro.com\/feria2022\/wp-json\/wp\/v2\/posts\/7810","targetHints":{"allow":["GET"]}}],"collection":[{"href":"https:\/\/www.feriadeteatro.com\/feria2022\/wp-json\/wp\/v2\/posts"}],"about":[{"href":"https:\/\/www.feriadeteatro.com\/feria2022\/wp-json\/wp\/v2\/types\/post"}],"author":[{"embeddable":true,"href":"https:\/\/www.feriadeteatro.com\/feria2022\/wp-json\/wp\/v2\/users\/2"}],"replies":[{"embeddable":true,"href":"https:\/\/www.feriadeteatro.com\/feria2022\/wp-json\/wp\/v2\/comments?post=7810"}],"version-history":[{"count":1,"href":"https:\/\/www.feriadeteatro.com\/feria2022\/wp-json\/wp\/v2\/posts\/7810\/revisions"}],"predecessor-version":[{"id":7812,"href":"https:\/\/www.feriadeteatro.com\/feria2022\/wp-json\/wp\/v2\/posts\/7810\/revisions\/7812"}],"wp:featuredmedia":[{"embeddable":true,"href":"https:\/\/www.feriadeteatro.com\/feria2022\/wp-json\/wp\/v2\/media\/7811"}],"wp:attachment":[{"href":"https:\/\/www.feriadeteatro.com\/feria2022\/wp-json\/wp\/v2\/media?parent=7810"}],"wp:term":[{"taxonomy":"category","embeddable":true,"href":"https:\/\/www.feriadeteatro.com\/feria2022\/wp-json\/wp\/v2\/categories?post=7810"},{"taxonomy":"post_tag","embeddable":true,"href":"https:\/\/www.feriadeteatro.com\/feria2022\/wp-json\/wp\/v2\/tags?post=7810"}],"curies":[{"name":"wp","href":"https:\/\/api.w.org\/{rel}","templated":true}]}}