{"id":7820,"date":"2022-08-23T18:38:57","date_gmt":"2022-08-23T18:38:57","guid":{"rendered":"https:\/\/www.feriadeteatro.com\/feria2022\/?p=7820"},"modified":"2022-08-23T18:38:57","modified_gmt":"2022-08-23T18:38:57","slug":"el-palacio-de-montarco-y-el-teatro-nuevo-fernando-arrabal-de-ciudad-rodrigo-han-acogido-la-inauguracion-de-la-xxv-feria-de-teatro-de-castilla-y-leon","status":"publish","type":"post","link":"https:\/\/www.feriadeteatro.com\/feria2022\/2022\/08\/23\/el-palacio-de-montarco-y-el-teatro-nuevo-fernando-arrabal-de-ciudad-rodrigo-han-acogido-la-inauguracion-de-la-xxv-feria-de-teatro-de-castilla-y-leon\/","title":{"rendered":"\u2022\tEl palacio de Montarco y el Teatro Nuevo Fernando Arrabal de Ciudad Rodrigo han acogido la inauguraci\u00f3n de la XXV Feria de Teatro de Castilla y Le\u00f3n"},"content":{"rendered":"<p>Garc\u00eda-Gallardo: \u201cVamos a seguir apostando por el teatro y las distintas expresiones art\u00edsticas que tanto enriquecen a la sociedad\u201d<br \/>\n\u2022\tEl palacio de Montarco y el Teatro Nuevo Fernando Arrabal de Ciudad Rodrigo han acogido la inauguraci\u00f3n de la XXV Feria de Teatro de Castilla y Le\u00f3n<br \/>\n\u2022\tEl vicepresidente de la Junta de Castilla y Le\u00f3n, Juan Garc\u00eda-Gallardo, ha defendido la tradici\u00f3n que a\u00fana este ciclo y ha recordado que la cultura y el teatro \u201cnos humaniza\u201d<br \/>\nLa Feria de Teatro de Castilla y Le\u00f3n, que alcanza su vigesimoquinta edici\u00f3n, ha inaugurado esta tarde su versi\u00f3n m\u00e1s internacional. Bajo el lema \u2018Hacer grande lo peque\u00f1o\u2019 y con una nutrida programaci\u00f3n de car\u00e1cter multidisciplinar que se desarrollar\u00e1 hasta el pr\u00f3ximo 27 de agosto, el ciclo tomar\u00e1 una docena de espacios diferentes de Ciudad Rodrigo con el objetivo de dar a conocer en vivo cuarenta espect\u00e1culos de artes esc\u00e9nicas.<br \/>\nDurante el acto con el que ha echado a andar el ciclo, celebrado en el mirobrigense palacio de Montarco, el vicepresidente de la Junta, Juan Garc\u00eda-Gallardo ha resaltado que la Feria de Teatro de Castilla y Le\u00f3n se ha configurado como un proyecto cultural s\u00f3lido y acreditado. A rengl\u00f3n seguido, el vicepresidente ha asegurado que \u201cel teatro es hoy m\u00e1s importante que nunca\u201d.<br \/>\n\u201cCon el teatro se aprende, se memoriza. Asimilamos la disciplina. Con el teatro se viaja en el tiempo para comprender \u00e9pocas pret\u00e9ritas y eso nos hace ensanchar nuestra visi\u00f3n personal de la vida y de la historia. El teatro nos hace m\u00e1s tolerantes\u201d, ha apostillado.<br \/>\nAsimismo, Garc\u00eda-Gallardo no ha dejado pasar la oportunidad para felicitar al consejero de Cultura, Turismo y Deporte de la Junta, Gonzalo Santonja, por \u201clas iniciativas tan acertadas\u201d que ha tomado desde que asumi\u00f3 el cargo, entre las que ha destacado la creaci\u00f3n de la Red de Teatros en m\u00e1s de 24 municipios; el desarrollo de Circuitos Esc\u00e9nicos en municipios de menos de diez mil habitantes; o el apoyo financiero imprescindible a espect\u00e1culos y compa\u00f1\u00edas a lo largo de toda Castilla y Le\u00f3n.<br \/>\nJunto con el vicepresidente han asistido al acto el consejero de Cultura, Turismo y Deporte, Gonzalo Santonja, as\u00ed como representantes de otras instituciones implicadas en la cita esc\u00e9nica como el presidente de la Diputaci\u00f3n de Salamanca, Javier Iglesias; el alcalde de Ciudad Rodrigo, Marcos Iglesias; el director general de las Artes de Portugal, Am\u00e9rico Rodrigues; la subdelegada del Gobierno en Salamanca, Mar\u00eda Encarnaci\u00f3n P\u00e9rez; la secretaria general de Cultura de la Junta de Extremadura, Miriam Garc\u00eda Cabezas; y el director de la Feria de Teatro, Manuel Gonz\u00e1lez Fern\u00e1ndez.<br \/>\nTras el acto inaugural, el Teatro Nuevo Fernando Arrabal ha acogido la primera representaci\u00f3n de esta vigesimoquinto edici\u00f3n de la Feria de Teatro de Castilla y Le\u00f3n con la representaci\u00f3n de &#8216;Numancia&#8217;, de Nao D&#8217;Amores en coproducci\u00f3n con la Compa\u00f1\u00eda Nacional de Teatro Cl\u00e1sico.<br \/>\nLa Feria, que ha logrado configurarse como uno de los proyectos culturales m\u00e1s acreditados en su \u00e1mbito, continuar\u00e1 ma\u00f1ana mi\u00e9rcoles con un extenso programa que incluye 10 espect\u00e1culos y 16 funciones. Entre ellos figura el segundo estreno absoluto de la edici\u00f3n: &#8216;Ambulantes&#8217;, coproducci\u00f3n extreme\u00f1a de Z Teatro y La Escalera de Tijera.<br \/>\nOtro estreno, en este caso en Espa\u00f1a, llegar\u00e1 de la mano de los portugueses Cora\u00e7\u00e3o nas M\u00e3os: &#8216;Ch\u00e1 das cinco&#8217; (&#8216;T\u00e9 de las cinco&#8217;), creado e interpretada por Daniela Leite Castro, Joana Carmo Martins, Marta Costa y Rita Carmo Martins.<br \/>\nAntes de los estrenos, la programaci\u00f3n de la jornada se iniciar\u00e1 con el artista zamorano Miguel de Lucas, quien estar\u00e1 en el Teatro Nuevo Fernando Arrabal con su espect\u00e1culo de magia &#8216;Hay un mago en ti&#8217; (11.00 horas). Con doble sesi\u00f3n (a las 12.30 y 17.30 horas, en la Sala Tierra) de &#8216;Una de cal&#8217; entrar\u00e1 en la programaci\u00f3n la compa\u00f1\u00eda vallisoletana de reciente creaci\u00f3n Gata por Liebre, que act\u00faa por primera vez en la Feria con un montaje de nuevas dramaturgias construido a partir de testimonios que plasman la historia reciente de Espa\u00f1a. Y una tercera formaci\u00f3n de Castilla y Le\u00f3n, la salmantina Los Absurdos, se sumar\u00e1 a la oferta del d\u00eda en el Espacio Afecir, a las 21.00 horas, con &#8216;Von Lustig (El hombre que vendi\u00f3 la Torre Eiffel)&#8217;, trabajo basado en un texto de Alfonso Mendiguch\u00eda y dirigido por Natalia Hern\u00e1ndez que cuenta la historia real de un estafador.<br \/>\nComienza Divierteatro<br \/>\nAl margen del programa oficial, ma\u00f1ana mi\u00e9rcoles dar\u00e1 comienzo el apartado de animaci\u00f3n infantil Divierteatro, con actividades de 10.00 a 13.00 horas, en la plaza del Buen Alcalde, para ni\u00f1os a partir de seis a\u00f1os, y en la plaza del Conde, para los de tres a seis a\u00f1os. El irland\u00e9s Denis Rafter, la gallega Tr\u00e9cola, la portuguesa Wetumtum, el extreme\u00f1o Francis J. Quir\u00f3s y los castellanos y leoneses \u00d3scar Escalante, Nuevo Fielato y Pilar Borrego participar\u00e1n en la programaci\u00f3n espec\u00edfica para los m\u00e1s peque\u00f1os.<br \/>\nAdem\u00e1s, en las actividades paralelas continuar\u00e1 la compa\u00f1\u00eda zamorana Baychimo Teatro con su instalaci\u00f3n po\u00e9tico-sonora &#8216;Versos que anidan&#8217; en el parque de la Florida, de 11.00 a 14.00 y de 19.00 a 21.30 horas; y la brasile\u00f1a PlastikOn\u00edrica ofrecer\u00e1 nuevos pases de su teatro en miniatura.<br \/>\nLa Feria de Teatro de Castilla y Le\u00f3n est\u00e1 organizada por la Consejer\u00eda de Cultura, Turismo y Deporte y coordinada por la Asociaci\u00f3n Cultural C\u00edvitas Animaci\u00f3n, con la colaboraci\u00f3n de Ayuntamiento de Ciudad Rodrigo y la Diputaci\u00f3n de Salamanca y el apoyo del INAEM, la Junta de Extremadura, Asociaciones Federadas de Empresarios de Ciudad Rodrigo (Afecir), la Direcci\u00f3n General de las Artes del Gobierno de Portugal y Cofae.<br \/>\nM\u00e1s informaci\u00f3n en:<br \/>\nwww.feriadeteatro.com <\/p>\n","protected":false},"excerpt":{"rendered":"<p>Garc\u00eda-Gallardo: \u201cVamos a seguir apostando por el teatro y las distintas expresiones art\u00edsticas que tanto enriquecen a la [&hellip;]<\/p>\n","protected":false},"author":2,"featured_media":7821,"comment_status":"open","ping_status":"open","sticky":false,"template":"","format":"standard","meta":{"footnotes":""},"categories":[7,8],"tags":[],"class_list":["post-7820","post","type-post","status-publish","format-standard","has-post-thumbnail","hentry","category-notas-de-prensa","category-noticias"],"_links":{"self":[{"href":"https:\/\/www.feriadeteatro.com\/feria2022\/wp-json\/wp\/v2\/posts\/7820","targetHints":{"allow":["GET"]}}],"collection":[{"href":"https:\/\/www.feriadeteatro.com\/feria2022\/wp-json\/wp\/v2\/posts"}],"about":[{"href":"https:\/\/www.feriadeteatro.com\/feria2022\/wp-json\/wp\/v2\/types\/post"}],"author":[{"embeddable":true,"href":"https:\/\/www.feriadeteatro.com\/feria2022\/wp-json\/wp\/v2\/users\/2"}],"replies":[{"embeddable":true,"href":"https:\/\/www.feriadeteatro.com\/feria2022\/wp-json\/wp\/v2\/comments?post=7820"}],"version-history":[{"count":1,"href":"https:\/\/www.feriadeteatro.com\/feria2022\/wp-json\/wp\/v2\/posts\/7820\/revisions"}],"predecessor-version":[{"id":7822,"href":"https:\/\/www.feriadeteatro.com\/feria2022\/wp-json\/wp\/v2\/posts\/7820\/revisions\/7822"}],"wp:featuredmedia":[{"embeddable":true,"href":"https:\/\/www.feriadeteatro.com\/feria2022\/wp-json\/wp\/v2\/media\/7821"}],"wp:attachment":[{"href":"https:\/\/www.feriadeteatro.com\/feria2022\/wp-json\/wp\/v2\/media?parent=7820"}],"wp:term":[{"taxonomy":"category","embeddable":true,"href":"https:\/\/www.feriadeteatro.com\/feria2022\/wp-json\/wp\/v2\/categories?post=7820"},{"taxonomy":"post_tag","embeddable":true,"href":"https:\/\/www.feriadeteatro.com\/feria2022\/wp-json\/wp\/v2\/tags?post=7820"}],"curies":[{"name":"wp","href":"https:\/\/api.w.org\/{rel}","templated":true}]}}