{"id":8034,"date":"2022-08-25T16:02:45","date_gmt":"2022-08-25T16:02:45","guid":{"rendered":"https:\/\/www.feriadeteatro.com\/feria2022\/?p=8034"},"modified":"2022-08-25T16:02:45","modified_gmt":"2022-08-25T16:02:45","slug":"la-25-feria-de-teatro-de-castilla-y-leon-vivira-manana-una-jornada-plagada-de-primicias-tres-estrenos-absolutos-dos-en-castellano-y-uno-en-espana","status":"publish","type":"post","link":"https:\/\/www.feriadeteatro.com\/feria2022\/2022\/08\/25\/la-25-feria-de-teatro-de-castilla-y-leon-vivira-manana-una-jornada-plagada-de-primicias-tres-estrenos-absolutos-dos-en-castellano-y-uno-en-espana\/","title":{"rendered":"La 25 Feria de Teatro de Castilla y Le\u00f3n vivir\u00e1 ma\u00f1ana una jornada plagada de primicias: tres estrenos absolutos, dos en castellano y uno en Espa\u00f1a"},"content":{"rendered":"<p>La 25 Feria de Teatro de Castilla y Le\u00f3n vivir\u00e1 ma\u00f1ana una jornada plagada de primicias: tres estrenos absolutos, dos en castellano y uno en Espa\u00f1a<\/p>\n<p>Once compa\u00f1\u00edas animar\u00e1n con catorce funciones la programaci\u00f3n oficial de la 25 Feria de Teatro de Castilla y Le\u00f3n de ma\u00f1ana viernes. En una jornada cargada de novedades, el p\u00fablico podr\u00e1 disfrutar de tres estrenos absolutos en Ciudad Rodrigo: \u2018Hop! Historias de objetos perdidos\u2019, de Viu el Teatre; \u2018Estaci\u00f3n Para\u00edso\u2019, de La Maquin\u00e9, y \u2018Blop\u2019, de la leonesa Esa Gente. Otras dos obras se presentar\u00e1n por primera vez en castellano: \u2018Tuk Tuk: el vaquero que no ment\u00eda\u2019, de Lafontana; y \u2018La lengua de las mariposas\u2019, de Sarabela Teatro. Adem\u00e1s, la compa\u00f1\u00eda portuguesa Erva Daninha estrenar\u00e1 en Espa\u00f1a \u2018Rasto\u2019.<br \/>\nLa cuarta jornada de la 25 Feria de Teatro de Castilla y Le\u00f3n se iniciar\u00e1 con tres propuestas totalmente novedosas destinadas al p\u00fablico infantil. Los catalanes Viu el Teatre estrenar\u00e1n en el Espacio en Rosa (11.00 y 12.30 horas) \u2018Hop! Historias de objetos perdidos\u2019, con dos actores que a base de imaginaci\u00f3n emprender\u00e1n con los m\u00e1s peque\u00f1os, de 2 a 5 a\u00f1os, un viaje por el mundo de las emociones. A los mayores de 7 a\u00f1os se dirigir\u00e1n los andaluces de La Maquin\u00e9 en el Teatro Nuevo Fernando Arrabal (11.00), con \u2018Estaci\u00f3n Para\u00edso\u2019, una historia sobre el paso del tiempo, la vejez y la soledad a partir de la figura de una anciana titiritera. El tercero de los estrenos absolutos para ni\u00f1os y ni\u00f1as, en este caso de danza y para mayores de 5 a\u00f1os, llegar\u00e1 en el Espacio Afecir (12.30) con la compa\u00f1\u00eda leonesa Esa Gente y su \u2018Blop\u2019, un trabajo en el que la bailarina Mar\u00eda Casares habla desde el movimiento sobre fracasos y superaci\u00f3n en lo que se define como una pieza \u00abcontra la presi\u00f3n de tener que ser perfectos\u00bb.<br \/>\nEl resto de programaci\u00f3n de ma\u00f1ana viernes combinar\u00e1 espect\u00e1culos para todos los p\u00fablicos y para espectadores j\u00f3venes y adultos. Estos \u00faltimos son los destinatarios de \u2018Lo siento, no era yo\u2019, de la segoviana Compa\u00f1\u00eda de Investigaci\u00f3n Teatral H el Arte, debutante en la Feria al igual que Esa Gente. Su propuesta, que tendr\u00e1 doble funci\u00f3n en la Sala Tierra (12.30 y 17.30 horas), aborda el asunto de los trastornos alimentarios mediante \u00abun di\u00e1logo interno que nos acerca a comprender mejor c\u00f3mo funciona la l\u00f3gica de una realidad distorsionada\u00bb.<br \/>\nLa oferta al aire libre del d\u00eda incluir\u00e1 un montaje luso de estreno en castellano: \u2018Tuk Tuk: el vaquero que no ment\u00eda\u2019, con el que Lafontana recrea el teatro de calle con veh\u00edculos por escenario y remite al mundo de los juguetes tradicionales, todo ello a partir de un relato popular con versiones en distintos pa\u00edses y conocido en Espa\u00f1a por el t\u00edtulo de \u2018El toro Barroso\u2019. La doble cita con este espect\u00e1culo ser\u00e1 en el parque de La Glorieta (13.00 y 21.30 horas) y el s\u00e1bado habr\u00e1 otras dos oportunidades para verlo en  la plaza de Herrasti (13.00 y 20.00 horas). Tambi\u00e9n los gallegos de Sarabela Teatro presentar\u00e1n en castellano (Espacio Afecir, 21.00 horas) \u2018La lengua de las mariposas\u2019, trabajo basado en el relato hom\u00f3nimo y en \u2018La trayectoria de la pelota\u2019, del escritor Manuel Rivas, en torno a la entra\u00f1able relaci\u00f3n de un ni\u00f1o con su maestro. El \u00faltimo de los seis estrenos del d\u00eda, en este caso en Espa\u00f1a, llegar\u00e1 de la mano de otra compa\u00f1\u00eda portuguesa: Erva Daninha, que en \u2018Rasto\u2019 (Jardines de Bolonia, 22.30 horas) ejecutar\u00e1 sus t\u00e9cnicas circenses desde la estructura de un tractor en un trabajo que cuenta con el respaldo de la Dire\u00e7ao-Geral das Artes del pa\u00eds vecino. Antes habr\u00e1 otra cita con el circo: \u2018Loop\u2019, de los leoneses Circk About It, que alude a los patrones repetitivos de los malabares para representar \u00abel ciclo sin fin\u00bb que es la vida. A la funci\u00f3n de ma\u00f1ana en la plaza de Herrasti (20.00 horas) se sumar\u00e1 otra el s\u00e1bado a la misma hora en los Jardines de Bolonia.<br \/>\nDe nuevo en el apartado teatral de la Feria, la compa\u00f1\u00eda madrile\u00f1a Teatro A Bocajarro estar\u00e1 en el Teatro Nuevo Fernando Arrabal (19.00 horas) con un montaje que recupera la figura de la escritora portuguesa del Siglo de Oro \u00c1ngela de Azevedo, con su comedia de enredo \u2018El muerto disimulado\u2019, que \u00abreivindica el valor de la palabra de la mujer como contestaci\u00f3n a algunos de los t\u00f3picos tradicionalmente asumidos en su tiempo\u00bb. En el mismo g\u00e9nero se inscribe la funci\u00f3n que cierra la programaci\u00f3n diaria de ma\u00f1ana viernes, en la que las tambi\u00e9n madrile\u00f1as Las Raras mostrar\u00e1n su \u2018EmpodeRaras\u2019 (patio de Los Sitios, 23.30 horas), que da continuidad a su primera producci\u00f3n en nuevas situaciones para las mismas protagonistas, con toques de humor y un argumento que invita a \u00abre\u00edr, pensar y sentir\u00bb.<br \/>\nA esas diez compa\u00f1\u00edas que entran en el cartel oficial de la cita mirobrigense, se suma la salmantina La Peque\u00f1a Victoria Cen \/ Miguel Barreto, que tras el estreno de hoy ofrecer\u00e1 una segunda oportunidad (Patio Misioneras-Santa Teresa, 20.30 horas) de conocer su trabajo de circo y danza, acrobacias y movimiento, \u2018Disculpa si te presento como que no te conozco\u2019. <\/p>\n","protected":false},"excerpt":{"rendered":"<p>La 25 Feria de Teatro de Castilla y Le\u00f3n vivir\u00e1 ma\u00f1ana una jornada plagada de primicias: tres estrenos [&hellip;]<\/p>\n","protected":false},"author":2,"featured_media":8047,"comment_status":"open","ping_status":"open","sticky":false,"template":"","format":"standard","meta":{"footnotes":""},"categories":[7,8],"tags":[],"class_list":["post-8034","post","type-post","status-publish","format-standard","has-post-thumbnail","hentry","category-notas-de-prensa","category-noticias"],"_links":{"self":[{"href":"https:\/\/www.feriadeteatro.com\/feria2022\/wp-json\/wp\/v2\/posts\/8034","targetHints":{"allow":["GET"]}}],"collection":[{"href":"https:\/\/www.feriadeteatro.com\/feria2022\/wp-json\/wp\/v2\/posts"}],"about":[{"href":"https:\/\/www.feriadeteatro.com\/feria2022\/wp-json\/wp\/v2\/types\/post"}],"author":[{"embeddable":true,"href":"https:\/\/www.feriadeteatro.com\/feria2022\/wp-json\/wp\/v2\/users\/2"}],"replies":[{"embeddable":true,"href":"https:\/\/www.feriadeteatro.com\/feria2022\/wp-json\/wp\/v2\/comments?post=8034"}],"version-history":[{"count":1,"href":"https:\/\/www.feriadeteatro.com\/feria2022\/wp-json\/wp\/v2\/posts\/8034\/revisions"}],"predecessor-version":[{"id":8049,"href":"https:\/\/www.feriadeteatro.com\/feria2022\/wp-json\/wp\/v2\/posts\/8034\/revisions\/8049"}],"wp:featuredmedia":[{"embeddable":true,"href":"https:\/\/www.feriadeteatro.com\/feria2022\/wp-json\/wp\/v2\/media\/8047"}],"wp:attachment":[{"href":"https:\/\/www.feriadeteatro.com\/feria2022\/wp-json\/wp\/v2\/media?parent=8034"}],"wp:term":[{"taxonomy":"category","embeddable":true,"href":"https:\/\/www.feriadeteatro.com\/feria2022\/wp-json\/wp\/v2\/categories?post=8034"},{"taxonomy":"post_tag","embeddable":true,"href":"https:\/\/www.feriadeteatro.com\/feria2022\/wp-json\/wp\/v2\/tags?post=8034"}],"curies":[{"name":"wp","href":"https:\/\/api.w.org\/{rel}","templated":true}]}}