{"id":8066,"date":"2022-08-25T17:48:04","date_gmt":"2022-08-25T17:48:04","guid":{"rendered":"https:\/\/www.feriadeteatro.com\/feria2022\/?p=8066"},"modified":"2022-08-25T17:48:04","modified_gmt":"2022-08-25T17:48:04","slug":"entrega-de-11o-premios-rosa-maria-garcia-cano-miercoles-24","status":"publish","type":"post","link":"https:\/\/www.feriadeteatro.com\/feria2022\/2022\/08\/25\/entrega-de-11o-premios-rosa-maria-garcia-cano-miercoles-24\/","title":{"rendered":"ENTREGA DE 11\u00ba PREMIOS Rosa Mar\u00eda Garc\u00eda Cano &#8211; Mi\u00e9rcoles, 24"},"content":{"rendered":"<div class=\"fusion-fullwidth fullwidth-box fusion-builder-row-1 fusion-flex-container nonhundred-percent-fullwidth non-hundred-percent-height-scrolling\" style=\"background-color: rgba(255,255,255,0);background-position: center center;background-repeat: no-repeat;border-width: 0px 0px 0px 0px;border-color:#eae9e9;border-style:solid;\" ><div class=\"fusion-builder-row fusion-row fusion-flex-align-items-flex-start\" style=\"max-width:1216.8px;margin-left: calc(-4% \/ 2 );margin-right: calc(-4% \/ 2 );\"><div class=\"fusion-layout-column fusion_builder_column fusion-builder-column-0 fusion_builder_column_1_1 1_1 fusion-flex-column\"><div class=\"fusion-column-wrapper fusion-flex-justify-content-flex-start fusion-content-layout-column\" style=\"background-position:left top;background-repeat:no-repeat;-webkit-background-size:cover;-moz-background-size:cover;-o-background-size:cover;background-size:cover;padding: 0px 0px 0px 0px;\"><style type=\"text\/css\">.fusion-gallery-1 .fusion-gallery-image {border:0px solid #f6f6f6;}<\/style><div class=\"fusion-gallery fusion-gallery-container fusion-grid-3 fusion-columns-total-15 fusion-gallery-layout-grid fusion-gallery-1\" style=\"margin:-5px;\"><div style=\"padding:5px;\" class=\"fusion-grid-column fusion-gallery-column fusion-gallery-column-3 hover-type-none\"><div class=\"fusion-gallery-image\"><a href=\"https:\/\/www.feriadeteatro.com\/feria2022\/wp-content\/uploads\/2022\/08\/PREMIOS_ROSA_07-scaled.jpg\" rel=\"noreferrer\" data-rel=\"iLightbox[gallery_image_1]\" class=\"fusion-lightbox\" target=\"_self\"><img decoding=\"async\" src=\"https:\/\/www.feriadeteatro.com\/feria2022\/wp-content\/uploads\/2022\/08\/PREMIOS_ROSA_07-scaled.jpg\" width=\"2560\" height=\"1600\" alt=\"\" title=\"PREMIOS_ROSA_07\" aria-label=\"PREMIOS_ROSA_07\" class=\"img-responsive wp-image-8067\" srcset=\"https:\/\/www.feriadeteatro.com\/feria2022\/wp-content\/uploads\/2022\/08\/PREMIOS_ROSA_07-200x125.jpg 200w, https:\/\/www.feriadeteatro.com\/feria2022\/wp-content\/uploads\/2022\/08\/PREMIOS_ROSA_07-400x250.jpg 400w, https:\/\/www.feriadeteatro.com\/feria2022\/wp-content\/uploads\/2022\/08\/PREMIOS_ROSA_07-600x375.jpg 600w, https:\/\/www.feriadeteatro.com\/feria2022\/wp-content\/uploads\/2022\/08\/PREMIOS_ROSA_07-800x500.jpg 800w, https:\/\/www.feriadeteatro.com\/feria2022\/wp-content\/uploads\/2022\/08\/PREMIOS_ROSA_07-1200x750.jpg 1200w, https:\/\/www.feriadeteatro.com\/feria2022\/wp-content\/uploads\/2022\/08\/PREMIOS_ROSA_07-scaled.jpg 2560w\" sizes=\"(min-width: 2200px) 100vw, (min-width: 824px) 387px, (min-width: 732px) 580px, (min-width: 640px) 732px, \" \/><\/a><\/div><\/div><div style=\"padding:5px;\" class=\"fusion-grid-column fusion-gallery-column fusion-gallery-column-3 hover-type-none\"><div class=\"fusion-gallery-image\"><a href=\"https:\/\/www.feriadeteatro.com\/feria2022\/wp-content\/uploads\/2022\/08\/PREMIOS_ROSA_08-scaled.jpg\" rel=\"noreferrer\" data-rel=\"iLightbox[gallery_image_1]\" class=\"fusion-lightbox\" target=\"_self\"><img decoding=\"async\" src=\"https:\/\/www.feriadeteatro.com\/feria2022\/wp-content\/uploads\/2022\/08\/PREMIOS_ROSA_08-scaled.jpg\" width=\"2560\" height=\"1568\" alt=\"\" title=\"PREMIOS_ROSA_08\" aria-label=\"PREMIOS_ROSA_08\" class=\"img-responsive wp-image-8068\" srcset=\"https:\/\/www.feriadeteatro.com\/feria2022\/wp-content\/uploads\/2022\/08\/PREMIOS_ROSA_08-200x123.jpg 200w, https:\/\/www.feriadeteatro.com\/feria2022\/wp-content\/uploads\/2022\/08\/PREMIOS_ROSA_08-400x245.jpg 400w, https:\/\/www.feriadeteatro.com\/feria2022\/wp-content\/uploads\/2022\/08\/PREMIOS_ROSA_08-600x368.jpg 600w, https:\/\/www.feriadeteatro.com\/feria2022\/wp-content\/uploads\/2022\/08\/PREMIOS_ROSA_08-800x490.jpg 800w, https:\/\/www.feriadeteatro.com\/feria2022\/wp-content\/uploads\/2022\/08\/PREMIOS_ROSA_08-1200x735.jpg 1200w, https:\/\/www.feriadeteatro.com\/feria2022\/wp-content\/uploads\/2022\/08\/PREMIOS_ROSA_08-scaled.jpg 2560w\" sizes=\"(min-width: 2200px) 100vw, (min-width: 824px) 387px, (min-width: 732px) 580px, (min-width: 640px) 732px, \" \/><\/a><\/div><\/div><div style=\"padding:5px;\" class=\"fusion-grid-column fusion-gallery-column fusion-gallery-column-3 hover-type-none\"><div class=\"fusion-gallery-image\"><a href=\"https:\/\/www.feriadeteatro.com\/feria2022\/wp-content\/uploads\/2022\/08\/PREMIOS_ROSA_09-scaled.jpg\" rel=\"noreferrer\" data-rel=\"iLightbox[gallery_image_1]\" class=\"fusion-lightbox\" target=\"_self\"><img decoding=\"async\" src=\"https:\/\/www.feriadeteatro.com\/feria2022\/wp-content\/uploads\/2022\/08\/PREMIOS_ROSA_09-scaled.jpg\" width=\"2371\" height=\"2560\" alt=\"\" title=\"PREMIOS_ROSA_09\" aria-label=\"PREMIOS_ROSA_09\" class=\"img-responsive wp-image-8069\" srcset=\"https:\/\/www.feriadeteatro.com\/feria2022\/wp-content\/uploads\/2022\/08\/PREMIOS_ROSA_09-200x216.jpg 200w, https:\/\/www.feriadeteatro.com\/feria2022\/wp-content\/uploads\/2022\/08\/PREMIOS_ROSA_09-400x432.jpg 400w, https:\/\/www.feriadeteatro.com\/feria2022\/wp-content\/uploads\/2022\/08\/PREMIOS_ROSA_09-600x648.jpg 600w, https:\/\/www.feriadeteatro.com\/feria2022\/wp-content\/uploads\/2022\/08\/PREMIOS_ROSA_09-800x864.jpg 800w, https:\/\/www.feriadeteatro.com\/feria2022\/wp-content\/uploads\/2022\/08\/PREMIOS_ROSA_09-1200x1296.jpg 1200w, https:\/\/www.feriadeteatro.com\/feria2022\/wp-content\/uploads\/2022\/08\/PREMIOS_ROSA_09-scaled.jpg 2371w\" sizes=\"(min-width: 2200px) 100vw, (min-width: 824px) 387px, (min-width: 732px) 580px, (min-width: 640px) 732px, \" \/><\/a><\/div><\/div><div class=\"clearfix\"><\/div><div style=\"padding:5px;\" class=\"fusion-grid-column fusion-gallery-column fusion-gallery-column-3 hover-type-none\"><div class=\"fusion-gallery-image\"><a href=\"https:\/\/www.feriadeteatro.com\/feria2022\/wp-content\/uploads\/2022\/08\/PREMIOS_ROSA_11-scaled.jpg\" rel=\"noreferrer\" data-rel=\"iLightbox[gallery_image_1]\" class=\"fusion-lightbox\" target=\"_self\"><img decoding=\"async\" src=\"https:\/\/www.feriadeteatro.com\/feria2022\/wp-content\/uploads\/2022\/08\/PREMIOS_ROSA_11-scaled.jpg\" width=\"2560\" height=\"1940\" alt=\"\" title=\"PREMIOS_ROSA_11\" aria-label=\"PREMIOS_ROSA_11\" class=\"img-responsive wp-image-8070\" srcset=\"https:\/\/www.feriadeteatro.com\/feria2022\/wp-content\/uploads\/2022\/08\/PREMIOS_ROSA_11-200x152.jpg 200w, https:\/\/www.feriadeteatro.com\/feria2022\/wp-content\/uploads\/2022\/08\/PREMIOS_ROSA_11-400x303.jpg 400w, https:\/\/www.feriadeteatro.com\/feria2022\/wp-content\/uploads\/2022\/08\/PREMIOS_ROSA_11-600x455.jpg 600w, https:\/\/www.feriadeteatro.com\/feria2022\/wp-content\/uploads\/2022\/08\/PREMIOS_ROSA_11-800x606.jpg 800w, https:\/\/www.feriadeteatro.com\/feria2022\/wp-content\/uploads\/2022\/08\/PREMIOS_ROSA_11-1200x909.jpg 1200w, https:\/\/www.feriadeteatro.com\/feria2022\/wp-content\/uploads\/2022\/08\/PREMIOS_ROSA_11-scaled.jpg 2560w\" sizes=\"(min-width: 2200px) 100vw, (min-width: 824px) 387px, (min-width: 732px) 580px, (min-width: 640px) 732px, \" \/><\/a><\/div><\/div><div style=\"padding:5px;\" class=\"fusion-grid-column fusion-gallery-column fusion-gallery-column-3 hover-type-none\"><div class=\"fusion-gallery-image\"><a href=\"https:\/\/www.feriadeteatro.com\/feria2022\/wp-content\/uploads\/2022\/08\/PREMIOS_ROSA_12-scaled.jpg\" rel=\"noreferrer\" data-rel=\"iLightbox[gallery_image_1]\" class=\"fusion-lightbox\" target=\"_self\"><img decoding=\"async\" src=\"https:\/\/www.feriadeteatro.com\/feria2022\/wp-content\/uploads\/2022\/08\/PREMIOS_ROSA_12-scaled.jpg\" width=\"2560\" height=\"1443\" alt=\"\" title=\"PREMIOS_ROSA_12\" aria-label=\"PREMIOS_ROSA_12\" class=\"img-responsive wp-image-8071\" srcset=\"https:\/\/www.feriadeteatro.com\/feria2022\/wp-content\/uploads\/2022\/08\/PREMIOS_ROSA_12-200x113.jpg 200w, https:\/\/www.feriadeteatro.com\/feria2022\/wp-content\/uploads\/2022\/08\/PREMIOS_ROSA_12-400x225.jpg 400w, https:\/\/www.feriadeteatro.com\/feria2022\/wp-content\/uploads\/2022\/08\/PREMIOS_ROSA_12-600x338.jpg 600w, https:\/\/www.feriadeteatro.com\/feria2022\/wp-content\/uploads\/2022\/08\/PREMIOS_ROSA_12-800x451.jpg 800w, https:\/\/www.feriadeteatro.com\/feria2022\/wp-content\/uploads\/2022\/08\/PREMIOS_ROSA_12-1200x676.jpg 1200w, https:\/\/www.feriadeteatro.com\/feria2022\/wp-content\/uploads\/2022\/08\/PREMIOS_ROSA_12-scaled.jpg 2560w\" sizes=\"(min-width: 2200px) 100vw, (min-width: 824px) 387px, (min-width: 732px) 580px, (min-width: 640px) 732px, \" \/><\/a><\/div><\/div><div style=\"padding:5px;\" class=\"fusion-grid-column fusion-gallery-column fusion-gallery-column-3 hover-type-none\"><div class=\"fusion-gallery-image\"><a href=\"https:\/\/www.feriadeteatro.com\/feria2022\/wp-content\/uploads\/2022\/08\/PREMIOS_ROSA_14-scaled.jpg\" rel=\"noreferrer\" data-rel=\"iLightbox[gallery_image_1]\" class=\"fusion-lightbox\" target=\"_self\"><img decoding=\"async\" src=\"https:\/\/www.feriadeteatro.com\/feria2022\/wp-content\/uploads\/2022\/08\/PREMIOS_ROSA_14-scaled.jpg\" width=\"2560\" height=\"1789\" alt=\"\" title=\"PREMIOS_ROSA_14\" aria-label=\"PREMIOS_ROSA_14\" class=\"img-responsive wp-image-8072\" srcset=\"https:\/\/www.feriadeteatro.com\/feria2022\/wp-content\/uploads\/2022\/08\/PREMIOS_ROSA_14-200x140.jpg 200w, https:\/\/www.feriadeteatro.com\/feria2022\/wp-content\/uploads\/2022\/08\/PREMIOS_ROSA_14-400x279.jpg 400w, https:\/\/www.feriadeteatro.com\/feria2022\/wp-content\/uploads\/2022\/08\/PREMIOS_ROSA_14-600x419.jpg 600w, https:\/\/www.feriadeteatro.com\/feria2022\/wp-content\/uploads\/2022\/08\/PREMIOS_ROSA_14-800x559.jpg 800w, https:\/\/www.feriadeteatro.com\/feria2022\/wp-content\/uploads\/2022\/08\/PREMIOS_ROSA_14-1200x838.jpg 1200w, https:\/\/www.feriadeteatro.com\/feria2022\/wp-content\/uploads\/2022\/08\/PREMIOS_ROSA_14-scaled.jpg 2560w\" sizes=\"(min-width: 2200px) 100vw, (min-width: 824px) 387px, (min-width: 732px) 580px, (min-width: 640px) 732px, \" \/><\/a><\/div><\/div><div class=\"clearfix\"><\/div><div style=\"padding:5px;\" class=\"fusion-grid-column fusion-gallery-column fusion-gallery-column-3 hover-type-none\"><div class=\"fusion-gallery-image\"><a href=\"https:\/\/www.feriadeteatro.com\/feria2022\/wp-content\/uploads\/2022\/08\/PREMIOS_ROSA_15-scaled.jpg\" rel=\"noreferrer\" data-rel=\"iLightbox[gallery_image_1]\" class=\"fusion-lightbox\" target=\"_self\"><img decoding=\"async\" src=\"https:\/\/www.feriadeteatro.com\/feria2022\/wp-content\/uploads\/2022\/08\/PREMIOS_ROSA_15-scaled.jpg\" width=\"2560\" height=\"1549\" alt=\"\" title=\"PREMIOS_ROSA_15\" aria-label=\"PREMIOS_ROSA_15\" class=\"img-responsive wp-image-8073\" srcset=\"https:\/\/www.feriadeteatro.com\/feria2022\/wp-content\/uploads\/2022\/08\/PREMIOS_ROSA_15-200x121.jpg 200w, https:\/\/www.feriadeteatro.com\/feria2022\/wp-content\/uploads\/2022\/08\/PREMIOS_ROSA_15-400x242.jpg 400w, https:\/\/www.feriadeteatro.com\/feria2022\/wp-content\/uploads\/2022\/08\/PREMIOS_ROSA_15-600x363.jpg 600w, https:\/\/www.feriadeteatro.com\/feria2022\/wp-content\/uploads\/2022\/08\/PREMIOS_ROSA_15-800x484.jpg 800w, https:\/\/www.feriadeteatro.com\/feria2022\/wp-content\/uploads\/2022\/08\/PREMIOS_ROSA_15-1200x726.jpg 1200w, https:\/\/www.feriadeteatro.com\/feria2022\/wp-content\/uploads\/2022\/08\/PREMIOS_ROSA_15-scaled.jpg 2560w\" sizes=\"(min-width: 2200px) 100vw, (min-width: 824px) 387px, (min-width: 732px) 580px, (min-width: 640px) 732px, \" \/><\/a><\/div><\/div><div style=\"padding:5px;\" class=\"fusion-grid-column fusion-gallery-column fusion-gallery-column-3 hover-type-none\"><div class=\"fusion-gallery-image\"><a href=\"https:\/\/www.feriadeteatro.com\/feria2022\/wp-content\/uploads\/2022\/08\/PREMIOS_ROSA_16-scaled.jpg\" rel=\"noreferrer\" data-rel=\"iLightbox[gallery_image_1]\" class=\"fusion-lightbox\" target=\"_self\"><img decoding=\"async\" src=\"https:\/\/www.feriadeteatro.com\/feria2022\/wp-content\/uploads\/2022\/08\/PREMIOS_ROSA_16-scaled.jpg\" width=\"2560\" height=\"1646\" alt=\"\" title=\"PREMIOS_ROSA_16\" aria-label=\"PREMIOS_ROSA_16\" class=\"img-responsive wp-image-8074\" srcset=\"https:\/\/www.feriadeteatro.com\/feria2022\/wp-content\/uploads\/2022\/08\/PREMIOS_ROSA_16-200x129.jpg 200w, https:\/\/www.feriadeteatro.com\/feria2022\/wp-content\/uploads\/2022\/08\/PREMIOS_ROSA_16-400x257.jpg 400w, https:\/\/www.feriadeteatro.com\/feria2022\/wp-content\/uploads\/2022\/08\/PREMIOS_ROSA_16-600x386.jpg 600w, https:\/\/www.feriadeteatro.com\/feria2022\/wp-content\/uploads\/2022\/08\/PREMIOS_ROSA_16-800x514.jpg 800w, https:\/\/www.feriadeteatro.com\/feria2022\/wp-content\/uploads\/2022\/08\/PREMIOS_ROSA_16-1200x771.jpg 1200w, https:\/\/www.feriadeteatro.com\/feria2022\/wp-content\/uploads\/2022\/08\/PREMIOS_ROSA_16-scaled.jpg 2560w\" sizes=\"(min-width: 2200px) 100vw, (min-width: 824px) 387px, (min-width: 732px) 580px, (min-width: 640px) 732px, \" \/><\/a><\/div><\/div><div style=\"padding:5px;\" class=\"fusion-grid-column fusion-gallery-column fusion-gallery-column-3 hover-type-none\"><div class=\"fusion-gallery-image\"><a href=\"https:\/\/www.feriadeteatro.com\/feria2022\/wp-content\/uploads\/2022\/08\/PREMIOS_ROSA_20-scaled.jpg\" rel=\"noreferrer\" data-rel=\"iLightbox[gallery_image_1]\" class=\"fusion-lightbox\" target=\"_self\"><img decoding=\"async\" src=\"https:\/\/www.feriadeteatro.com\/feria2022\/wp-content\/uploads\/2022\/08\/PREMIOS_ROSA_20-scaled.jpg\" width=\"2560\" height=\"1893\" alt=\"\" title=\"PREMIOS_ROSA_20\" aria-label=\"PREMIOS_ROSA_20\" class=\"img-responsive wp-image-8075\" srcset=\"https:\/\/www.feriadeteatro.com\/feria2022\/wp-content\/uploads\/2022\/08\/PREMIOS_ROSA_20-200x148.jpg 200w, https:\/\/www.feriadeteatro.com\/feria2022\/wp-content\/uploads\/2022\/08\/PREMIOS_ROSA_20-400x296.jpg 400w, https:\/\/www.feriadeteatro.com\/feria2022\/wp-content\/uploads\/2022\/08\/PREMIOS_ROSA_20-600x444.jpg 600w, https:\/\/www.feriadeteatro.com\/feria2022\/wp-content\/uploads\/2022\/08\/PREMIOS_ROSA_20-800x591.jpg 800w, https:\/\/www.feriadeteatro.com\/feria2022\/wp-content\/uploads\/2022\/08\/PREMIOS_ROSA_20-1200x887.jpg 1200w, https:\/\/www.feriadeteatro.com\/feria2022\/wp-content\/uploads\/2022\/08\/PREMIOS_ROSA_20-scaled.jpg 2560w\" sizes=\"(min-width: 2200px) 100vw, (min-width: 824px) 387px, (min-width: 732px) 580px, (min-width: 640px) 732px, \" \/><\/a><\/div><\/div><div class=\"clearfix\"><\/div><div style=\"padding:5px;\" class=\"fusion-grid-column fusion-gallery-column fusion-gallery-column-3 hover-type-none\"><div class=\"fusion-gallery-image\"><a href=\"https:\/\/www.feriadeteatro.com\/feria2022\/wp-content\/uploads\/2022\/08\/PREMIOS_ROSA_21-scaled.jpg\" rel=\"noreferrer\" data-rel=\"iLightbox[gallery_image_1]\" class=\"fusion-lightbox\" target=\"_self\"><img decoding=\"async\" src=\"https:\/\/www.feriadeteatro.com\/feria2022\/wp-content\/uploads\/2022\/08\/PREMIOS_ROSA_21-scaled.jpg\" width=\"2560\" height=\"1810\" alt=\"\" title=\"PREMIOS_ROSA_21\" aria-label=\"PREMIOS_ROSA_21\" class=\"img-responsive wp-image-8076\" srcset=\"https:\/\/www.feriadeteatro.com\/feria2022\/wp-content\/uploads\/2022\/08\/PREMIOS_ROSA_21-200x141.jpg 200w, https:\/\/www.feriadeteatro.com\/feria2022\/wp-content\/uploads\/2022\/08\/PREMIOS_ROSA_21-400x283.jpg 400w, https:\/\/www.feriadeteatro.com\/feria2022\/wp-content\/uploads\/2022\/08\/PREMIOS_ROSA_21-600x424.jpg 600w, https:\/\/www.feriadeteatro.com\/feria2022\/wp-content\/uploads\/2022\/08\/PREMIOS_ROSA_21-800x566.jpg 800w, https:\/\/www.feriadeteatro.com\/feria2022\/wp-content\/uploads\/2022\/08\/PREMIOS_ROSA_21-1200x849.jpg 1200w, https:\/\/www.feriadeteatro.com\/feria2022\/wp-content\/uploads\/2022\/08\/PREMIOS_ROSA_21-scaled.jpg 2560w\" sizes=\"(min-width: 2200px) 100vw, (min-width: 824px) 387px, (min-width: 732px) 580px, (min-width: 640px) 732px, \" \/><\/a><\/div><\/div><div style=\"padding:5px;\" class=\"fusion-grid-column fusion-gallery-column fusion-gallery-column-3 hover-type-none\"><div class=\"fusion-gallery-image\"><a href=\"https:\/\/www.feriadeteatro.com\/feria2022\/wp-content\/uploads\/2022\/08\/PREMIOS_ROSA_22-scaled.jpg\" rel=\"noreferrer\" data-rel=\"iLightbox[gallery_image_1]\" class=\"fusion-lightbox\" target=\"_self\"><img decoding=\"async\" src=\"https:\/\/www.feriadeteatro.com\/feria2022\/wp-content\/uploads\/2022\/08\/PREMIOS_ROSA_22-scaled.jpg\" width=\"2560\" height=\"1541\" alt=\"\" title=\"PREMIOS_ROSA_22\" aria-label=\"PREMIOS_ROSA_22\" class=\"img-responsive wp-image-8077\" srcset=\"https:\/\/www.feriadeteatro.com\/feria2022\/wp-content\/uploads\/2022\/08\/PREMIOS_ROSA_22-200x120.jpg 200w, https:\/\/www.feriadeteatro.com\/feria2022\/wp-content\/uploads\/2022\/08\/PREMIOS_ROSA_22-400x241.jpg 400w, https:\/\/www.feriadeteatro.com\/feria2022\/wp-content\/uploads\/2022\/08\/PREMIOS_ROSA_22-600x361.jpg 600w, https:\/\/www.feriadeteatro.com\/feria2022\/wp-content\/uploads\/2022\/08\/PREMIOS_ROSA_22-800x482.jpg 800w, https:\/\/www.feriadeteatro.com\/feria2022\/wp-content\/uploads\/2022\/08\/PREMIOS_ROSA_22-1200x722.jpg 1200w, https:\/\/www.feriadeteatro.com\/feria2022\/wp-content\/uploads\/2022\/08\/PREMIOS_ROSA_22-scaled.jpg 2560w\" sizes=\"(min-width: 2200px) 100vw, (min-width: 824px) 387px, (min-width: 732px) 580px, (min-width: 640px) 732px, \" \/><\/a><\/div><\/div><div style=\"padding:5px;\" class=\"fusion-grid-column fusion-gallery-column fusion-gallery-column-3 hover-type-none\"><div class=\"fusion-gallery-image\"><a href=\"https:\/\/www.feriadeteatro.com\/feria2022\/wp-content\/uploads\/2022\/08\/PREMIOS_ROSA_01-scaled.jpg\" rel=\"noreferrer\" data-rel=\"iLightbox[gallery_image_1]\" class=\"fusion-lightbox\" target=\"_self\"><img decoding=\"async\" src=\"https:\/\/www.feriadeteatro.com\/feria2022\/wp-content\/uploads\/2022\/08\/PREMIOS_ROSA_01-scaled.jpg\" width=\"2560\" height=\"1667\" alt=\"\" title=\"PREMIOS_ROSA_01\" aria-label=\"PREMIOS_ROSA_01\" class=\"img-responsive wp-image-8078\" srcset=\"https:\/\/www.feriadeteatro.com\/feria2022\/wp-content\/uploads\/2022\/08\/PREMIOS_ROSA_01-200x130.jpg 200w, https:\/\/www.feriadeteatro.com\/feria2022\/wp-content\/uploads\/2022\/08\/PREMIOS_ROSA_01-400x261.jpg 400w, https:\/\/www.feriadeteatro.com\/feria2022\/wp-content\/uploads\/2022\/08\/PREMIOS_ROSA_01-600x391.jpg 600w, https:\/\/www.feriadeteatro.com\/feria2022\/wp-content\/uploads\/2022\/08\/PREMIOS_ROSA_01-800x521.jpg 800w, https:\/\/www.feriadeteatro.com\/feria2022\/wp-content\/uploads\/2022\/08\/PREMIOS_ROSA_01-1200x782.jpg 1200w, https:\/\/www.feriadeteatro.com\/feria2022\/wp-content\/uploads\/2022\/08\/PREMIOS_ROSA_01-scaled.jpg 2560w\" sizes=\"(min-width: 2200px) 100vw, (min-width: 824px) 387px, (min-width: 732px) 580px, (min-width: 640px) 732px, \" \/><\/a><\/div><\/div><div class=\"clearfix\"><\/div><div style=\"padding:5px;\" class=\"fusion-grid-column fusion-gallery-column fusion-gallery-column-3 hover-type-none\"><div class=\"fusion-gallery-image\"><a href=\"https:\/\/www.feriadeteatro.com\/feria2022\/wp-content\/uploads\/2022\/08\/PREMIOS_ROSA_02-scaled.jpg\" rel=\"noreferrer\" data-rel=\"iLightbox[gallery_image_1]\" class=\"fusion-lightbox\" target=\"_self\"><img decoding=\"async\" src=\"https:\/\/www.feriadeteatro.com\/feria2022\/wp-content\/uploads\/2022\/08\/PREMIOS_ROSA_02-scaled.jpg\" width=\"2560\" height=\"1504\" alt=\"\" title=\"PREMIOS_ROSA_02\" aria-label=\"PREMIOS_ROSA_02\" class=\"img-responsive wp-image-8079\" srcset=\"https:\/\/www.feriadeteatro.com\/feria2022\/wp-content\/uploads\/2022\/08\/PREMIOS_ROSA_02-200x117.jpg 200w, https:\/\/www.feriadeteatro.com\/feria2022\/wp-content\/uploads\/2022\/08\/PREMIOS_ROSA_02-400x235.jpg 400w, https:\/\/www.feriadeteatro.com\/feria2022\/wp-content\/uploads\/2022\/08\/PREMIOS_ROSA_02-600x352.jpg 600w, https:\/\/www.feriadeteatro.com\/feria2022\/wp-content\/uploads\/2022\/08\/PREMIOS_ROSA_02-800x470.jpg 800w, https:\/\/www.feriadeteatro.com\/feria2022\/wp-content\/uploads\/2022\/08\/PREMIOS_ROSA_02-1200x705.jpg 1200w, https:\/\/www.feriadeteatro.com\/feria2022\/wp-content\/uploads\/2022\/08\/PREMIOS_ROSA_02-scaled.jpg 2560w\" sizes=\"(min-width: 2200px) 100vw, (min-width: 824px) 387px, (min-width: 732px) 580px, (min-width: 640px) 732px, \" \/><\/a><\/div><\/div><div style=\"padding:5px;\" class=\"fusion-grid-column fusion-gallery-column fusion-gallery-column-3 hover-type-none\"><div class=\"fusion-gallery-image\"><a href=\"https:\/\/www.feriadeteatro.com\/feria2022\/wp-content\/uploads\/2022\/08\/PREMIOS_ROSA_03-scaled.jpg\" rel=\"noreferrer\" data-rel=\"iLightbox[gallery_image_1]\" class=\"fusion-lightbox\" target=\"_self\"><img decoding=\"async\" src=\"https:\/\/www.feriadeteatro.com\/feria2022\/wp-content\/uploads\/2022\/08\/PREMIOS_ROSA_03-scaled.jpg\" width=\"2560\" height=\"1880\" alt=\"\" title=\"PREMIOS_ROSA_03\" aria-label=\"PREMIOS_ROSA_03\" class=\"img-responsive wp-image-8080\" srcset=\"https:\/\/www.feriadeteatro.com\/feria2022\/wp-content\/uploads\/2022\/08\/PREMIOS_ROSA_03-200x147.jpg 200w, https:\/\/www.feriadeteatro.com\/feria2022\/wp-content\/uploads\/2022\/08\/PREMIOS_ROSA_03-400x294.jpg 400w, https:\/\/www.feriadeteatro.com\/feria2022\/wp-content\/uploads\/2022\/08\/PREMIOS_ROSA_03-600x441.jpg 600w, https:\/\/www.feriadeteatro.com\/feria2022\/wp-content\/uploads\/2022\/08\/PREMIOS_ROSA_03-800x587.jpg 800w, https:\/\/www.feriadeteatro.com\/feria2022\/wp-content\/uploads\/2022\/08\/PREMIOS_ROSA_03-1200x881.jpg 1200w, https:\/\/www.feriadeteatro.com\/feria2022\/wp-content\/uploads\/2022\/08\/PREMIOS_ROSA_03-scaled.jpg 2560w\" sizes=\"(min-width: 2200px) 100vw, (min-width: 824px) 387px, (min-width: 732px) 580px, (min-width: 640px) 732px, \" \/><\/a><\/div><\/div><div style=\"padding:5px;\" class=\"fusion-grid-column fusion-gallery-column fusion-gallery-column-3 hover-type-none\"><div class=\"fusion-gallery-image\"><a href=\"https:\/\/www.feriadeteatro.com\/feria2022\/wp-content\/uploads\/2022\/08\/PREMIOS_ROSA_06-scaled.jpg\" rel=\"noreferrer\" data-rel=\"iLightbox[gallery_image_1]\" class=\"fusion-lightbox\" target=\"_self\"><img decoding=\"async\" src=\"https:\/\/www.feriadeteatro.com\/feria2022\/wp-content\/uploads\/2022\/08\/PREMIOS_ROSA_06-scaled.jpg\" width=\"2560\" height=\"1854\" alt=\"\" title=\"PREMIOS_ROSA_06\" aria-label=\"PREMIOS_ROSA_06\" class=\"img-responsive wp-image-8081\" srcset=\"https:\/\/www.feriadeteatro.com\/feria2022\/wp-content\/uploads\/2022\/08\/PREMIOS_ROSA_06-200x145.jpg 200w, https:\/\/www.feriadeteatro.com\/feria2022\/wp-content\/uploads\/2022\/08\/PREMIOS_ROSA_06-400x290.jpg 400w, https:\/\/www.feriadeteatro.com\/feria2022\/wp-content\/uploads\/2022\/08\/PREMIOS_ROSA_06-600x435.jpg 600w, https:\/\/www.feriadeteatro.com\/feria2022\/wp-content\/uploads\/2022\/08\/PREMIOS_ROSA_06-800x579.jpg 800w, https:\/\/www.feriadeteatro.com\/feria2022\/wp-content\/uploads\/2022\/08\/PREMIOS_ROSA_06-1200x869.jpg 1200w, https:\/\/www.feriadeteatro.com\/feria2022\/wp-content\/uploads\/2022\/08\/PREMIOS_ROSA_06-scaled.jpg 2560w\" sizes=\"(min-width: 2200px) 100vw, (min-width: 824px) 387px, (min-width: 732px) 580px, (min-width: 640px) 732px, \" \/><\/a><\/div><\/div><div class=\"clearfix\"><\/div><\/div><div class=\"fusion-separator fusion-full-width-sep\" style=\"align-self: center;margin-left: auto;margin-right: auto;width:100%;\"><\/div><div class=\"fusion-separator fusion-full-width-sep\" style=\"align-self: center;margin-left: auto;margin-right: auto;width:100%;\"><\/div><div class=\"fusion-separator fusion-full-width-sep\" style=\"align-self: center;margin-left: auto;margin-right: auto;width:100%;\"><\/div><div ><style type=\"text\/css\">.fusion-button.button-1 .fusion-button-text, .fusion-button.button-1 i {color:#ffffff;}.fusion-button.button-1 .fusion-button-icon-divider{border-color:#ffffff;}.fusion-button.button-1:hover .fusion-button-text, .fusion-button.button-1:hover i,.fusion-button.button-1:focus .fusion-button-text, .fusion-button.button-1:focus i,.fusion-button.button-1:active .fusion-button-text, .fusion-button.button-1:active{color:#ffffff;}.fusion-button.button-1:hover .fusion-button-icon-divider, .fusion-button.button-1:hover .fusion-button-icon-divider, .fusion-button.button-1:active .fusion-button-icon-divider{border-color:#ffffff;}.fusion-button.button-1:hover, .fusion-button.button-1:focus, .fusion-button.button-1:active{border-color:#ffffff;}.fusion-button.button-1 {border-color:#ffffff;border-radius:2px;}.fusion-button.button-1{background: #d26d6f;}.fusion-button.button-1:hover,.button-1:focus,.fusion-button.button-1:active{background: #d26d6f;}<\/style><a class=\"fusion-button button-flat fusion-button-default-size button-custom button-1 fusion-button-default-span fusion-button-default-type\" target=\"_self\" href=\"https:\/\/www.feriadeteatro.com\/feria2022\/category\/fotografias-feria-2022\/\"><span class=\"fusion-button-text\">VOLVER A LA GALER\u00cdA<\/span><\/a><\/div><\/div><\/div><style type=\"text\/css\">.fusion-body .fusion-builder-column-0{width:100% !important;margin-top : 0px;margin-bottom : 0px;}.fusion-builder-column-0 > .fusion-column-wrapper {padding-top : 0px !important;padding-right : 0px !important;margin-right : 1.92%;padding-bottom : 0px !important;padding-left : 0px !important;margin-left : 1.92%;}@media only screen and (max-width:1024px) {.fusion-body .fusion-builder-column-0{width:100% !important;order : 0;}.fusion-builder-column-0 > .fusion-column-wrapper {margin-right : 1.92%;margin-left : 1.92%;}}@media only screen and (max-width:640px) {.fusion-body .fusion-builder-column-0{width:100% !important;order : 0;}.fusion-builder-column-0 > .fusion-column-wrapper {margin-right : 1.92%;margin-left : 1.92%;}}<\/style><\/div><style type=\"text\/css\">.fusion-body .fusion-flex-container.fusion-builder-row-1{ padding-top : 0px;margin-top : 0px;padding-right : 0px;padding-bottom : 0px;margin-bottom : 0px;padding-left : 0px;}<\/style><\/div>\n","protected":false},"excerpt":{"rendered":"","protected":false},"author":1,"featured_media":8077,"comment_status":"closed","ping_status":"closed","sticky":false,"template":"","format":"gallery","meta":{"footnotes":""},"categories":[6],"tags":[],"class_list":["post-8066","post","type-post","status-publish","format-gallery","has-post-thumbnail","hentry","category-fotografias-feria-2022","post_format-post-format-gallery"],"_links":{"self":[{"href":"https:\/\/www.feriadeteatro.com\/feria2022\/wp-json\/wp\/v2\/posts\/8066","targetHints":{"allow":["GET"]}}],"collection":[{"href":"https:\/\/www.feriadeteatro.com\/feria2022\/wp-json\/wp\/v2\/posts"}],"about":[{"href":"https:\/\/www.feriadeteatro.com\/feria2022\/wp-json\/wp\/v2\/types\/post"}],"author":[{"embeddable":true,"href":"https:\/\/www.feriadeteatro.com\/feria2022\/wp-json\/wp\/v2\/users\/1"}],"replies":[{"embeddable":true,"href":"https:\/\/www.feriadeteatro.com\/feria2022\/wp-json\/wp\/v2\/comments?post=8066"}],"version-history":[{"count":1,"href":"https:\/\/www.feriadeteatro.com\/feria2022\/wp-json\/wp\/v2\/posts\/8066\/revisions"}],"predecessor-version":[{"id":8082,"href":"https:\/\/www.feriadeteatro.com\/feria2022\/wp-json\/wp\/v2\/posts\/8066\/revisions\/8082"}],"wp:featuredmedia":[{"embeddable":true,"href":"https:\/\/www.feriadeteatro.com\/feria2022\/wp-json\/wp\/v2\/media\/8077"}],"wp:attachment":[{"href":"https:\/\/www.feriadeteatro.com\/feria2022\/wp-json\/wp\/v2\/media?parent=8066"}],"wp:term":[{"taxonomy":"category","embeddable":true,"href":"https:\/\/www.feriadeteatro.com\/feria2022\/wp-json\/wp\/v2\/categories?post=8066"},{"taxonomy":"post_tag","embeddable":true,"href":"https:\/\/www.feriadeteatro.com\/feria2022\/wp-json\/wp\/v2\/tags?post=8066"}],"curies":[{"name":"wp","href":"https:\/\/api.w.org\/{rel}","templated":true}]}}