{"id":8307,"date":"2022-08-26T18:00:42","date_gmt":"2022-08-26T18:00:42","guid":{"rendered":"https:\/\/www.feriadeteatro.com\/feria2022\/?p=8307"},"modified":"2022-08-26T19:11:48","modified_gmt":"2022-08-26T19:11:48","slug":"ultima-hora-por-razones-de-seguridad-se-cancela-el-espectaculo-de-cirk-about-it-de-la-plaza-herrasti","status":"publish","type":"post","link":"https:\/\/www.feriadeteatro.com\/feria2022\/2022\/08\/26\/ultima-hora-por-razones-de-seguridad-se-cancela-el-espectaculo-de-cirk-about-it-de-la-plaza-herrasti\/","title":{"rendered":"\u00daLTIMA HORA: POR RAZONES METEOROL\u00d3GICAS SE CANCELA EL ESPECT\u00c1CULO DE LA PEQUE\u00d1A VICTORIA CEN"},"content":{"rendered":"<p>\u00daLTIMA HORA:<br \/>\nPor razones de metereol\u00f3gicas se cancela el espect\u00e1culo de la compa\u00f1\u00eda La Peque\u00f1a Victoria Cen \/ Miguel Barreto &#8211; \u00abDisculpa si te presento como que no te conozco\u00bb programado en el Patio de Misioneras &#8211; Sta Teresa.<br \/>\nLa devoluci\u00f3n de las entradas se realizar\u00e1 entre hoy y ma\u00f1ana en el horario habitual de la taquilla del Teatro Nuevo \u00abFernando Arrabal\u00bb. Disculpen las molestias.<\/p>\n<p>(Horario de Taquilla: de 12.00 a 14.00 y una hora antes de cada espect\u00e1culo)<\/p>\n","protected":false},"excerpt":{"rendered":"<p>\u00daLTIMA HORA: Por razones de metereol\u00f3gicas se cancela el espect\u00e1culo de la compa\u00f1\u00eda La Peque\u00f1a Victoria Cen \/ [&hellip;]<\/p>\n","protected":false},"author":2,"featured_media":8312,"comment_status":"open","ping_status":"open","sticky":false,"template":"","format":"standard","meta":{"footnotes":""},"categories":[7,8],"tags":[],"class_list":["post-8307","post","type-post","status-publish","format-standard","has-post-thumbnail","hentry","category-notas-de-prensa","category-noticias"],"_links":{"self":[{"href":"https:\/\/www.feriadeteatro.com\/feria2022\/wp-json\/wp\/v2\/posts\/8307","targetHints":{"allow":["GET"]}}],"collection":[{"href":"https:\/\/www.feriadeteatro.com\/feria2022\/wp-json\/wp\/v2\/posts"}],"about":[{"href":"https:\/\/www.feriadeteatro.com\/feria2022\/wp-json\/wp\/v2\/types\/post"}],"author":[{"embeddable":true,"href":"https:\/\/www.feriadeteatro.com\/feria2022\/wp-json\/wp\/v2\/users\/2"}],"replies":[{"embeddable":true,"href":"https:\/\/www.feriadeteatro.com\/feria2022\/wp-json\/wp\/v2\/comments?post=8307"}],"version-history":[{"count":3,"href":"https:\/\/www.feriadeteatro.com\/feria2022\/wp-json\/wp\/v2\/posts\/8307\/revisions"}],"predecessor-version":[{"id":8313,"href":"https:\/\/www.feriadeteatro.com\/feria2022\/wp-json\/wp\/v2\/posts\/8307\/revisions\/8313"}],"wp:featuredmedia":[{"embeddable":true,"href":"https:\/\/www.feriadeteatro.com\/feria2022\/wp-json\/wp\/v2\/media\/8312"}],"wp:attachment":[{"href":"https:\/\/www.feriadeteatro.com\/feria2022\/wp-json\/wp\/v2\/media?parent=8307"}],"wp:term":[{"taxonomy":"category","embeddable":true,"href":"https:\/\/www.feriadeteatro.com\/feria2022\/wp-json\/wp\/v2\/categories?post=8307"},{"taxonomy":"post_tag","embeddable":true,"href":"https:\/\/www.feriadeteatro.com\/feria2022\/wp-json\/wp\/v2\/tags?post=8307"}],"curies":[{"name":"wp","href":"https:\/\/api.w.org\/{rel}","templated":true}]}}