{"id":8430,"date":"2022-08-27T12:28:57","date_gmt":"2022-08-27T12:28:57","guid":{"rendered":"https:\/\/www.feriadeteatro.com\/feria2022\/?p=8430"},"modified":"2022-08-27T12:28:57","modified_gmt":"2022-08-27T12:28:57","slug":"la-feria-de-teatro-de-castilla-y-leon-recupera-en-su-25-aniversario-el-pulso-de-los-anos-prepandemia-con-30-000-espectadores-en-la-edicion-mas-internacional","status":"publish","type":"post","link":"https:\/\/www.feriadeteatro.com\/feria2022\/2022\/08\/27\/la-feria-de-teatro-de-castilla-y-leon-recupera-en-su-25-aniversario-el-pulso-de-los-anos-prepandemia-con-30-000-espectadores-en-la-edicion-mas-internacional\/","title":{"rendered":"La Feria de Teatro de Castilla y Le\u00f3n recupera en su 25 aniversario el pulso de los a\u00f1os prepandemia con 30.000 espectadores en la edici\u00f3n m\u00e1s internacional"},"content":{"rendered":"<p>La Feria de Teatro de Castilla y Le\u00f3n recupera en su 25 aniversario el pulso de los a\u00f1os prepandemia con 30.000 espectadores en la edici\u00f3n m\u00e1s internacional<br \/>\nUn fin de fiesta pirot\u00e9cnico y musical cerrar\u00e1 esta noche la celebraci\u00f3n del primer cuarto de siglo de la Feria de Teatro de Castilla y Le\u00f3n. El mercado esc\u00e9nico mirobrigense ha podido festejar su vigesimoquinto cumplea\u00f1os con la recuperaci\u00f3n del ambiente de los a\u00f1os anteriores a la pandemia, entre espect\u00e1culos en la calle y en salas y aforos completos en su edici\u00f3n m\u00e1s internacional. Tambi\u00e9n en su vertiente profesional, la actividad y la asistencia se han situado en cifras similares a los mejores momentos previos a 2020, como lugar de encuentro para 700 personas implicadas en el sector y 270 instituciones representadas. El programa de animaci\u00f3n esc\u00e9nica infantil Divierteatro, una de las se\u00f1as de identidad de la programaci\u00f3n paralela, ha convocado a m\u00e1s de 2.000 ni\u00f1os y ni\u00f1as.<\/p>\n<p>En torno a 30.000 espectadores han arropado la celebraci\u00f3n del 25 aniversario de la Feria de Teatro de Castilla y Le\u00f3n. La respuesta del p\u00fablico a una programaci\u00f3n que ha superado las 60 funciones ha supuesto recuperar el ambiente y las cifras prepandemia tras dos a\u00f1os condicionados por las inevitables restricciones. La asistencia a espect\u00e1culos de sala ha dejado ver aforos completos en la mayor\u00eda de los espect\u00e1culos programados, con una ocupaci\u00f3n del 95% de las butacas disponibles. Tambi\u00e9n la calle ha recuperado  el ambiente que congrega a varios cientos de personas alrededor de los escenarios al aire libre y en el entorno monumental de Ciudad Rodrigo en el que se enmarcan parte de los espect\u00e1culos. La vertiente internacional de la cita, que desde sus or\u00edgenes ha mirado a la vecina Portugal, se ha reforzado sustancialmente este a\u00f1o con la participaci\u00f3n de siete compa\u00f1\u00edas lusas y un encuentro internacional de trabajo en Red entre los dos pa\u00edses.<br \/>\nDel mismo modo, el programa de animaci\u00f3n teatral infantil Divierteatro ha recobrado el pulso habitual de las ediciones previas a 2020, con una media en cada jornada por encima de los 500 participantes, por lo que la cifra total de asistentes supera los 2.000 ni\u00f1os y ni\u00f1as. Todos ellos plantar\u00e1n un \u00e1rbol que han recibido como recuerdo de su participaci\u00f3n. Esta arraigada actividad de la Feria ha reforzado en esta edici\u00f3n los equipos de animadores, integrados por ochenta j\u00f3venes de Ciudad Rodrigo formados previamente.<br \/>\nEn el \u00e1mbito profesional, 270 instituciones representadas ha permitido que la Feria se convierta en punto de encuentro para 700 personas implicadas en el sector de las artes esc\u00e9nicas, con un perfil mayoritario de compradores, el 55% del total. El 26% de los inscritos corresponden a vendedores y el resto a distribuidores y dinamizadores del mercado. Por procedencias, destacan los llegados desde Extremadura y Pa\u00eds Vasco, adem\u00e1s de los de Castilla y Le\u00f3n, que han supuesto el 38% del total. La rotaci\u00f3n de compa\u00f1\u00edas respecto a las programaciones anteriores es uno de los aspectos m\u00e1s valorados por el sector profesional, que ha refrendado un a\u00f1o m\u00e1s a la Feria como lugar id\u00f3neo para ver espect\u00e1culos susceptibles de programarse en otros lugares, un aspecto que beneficia especialmente a las compa\u00f1\u00edas emergentes de Castilla y Le\u00f3n.<br \/>\nUna programaci\u00f3n multidisciplinar para todos los p\u00fablicos<br \/>\nEl mercado esc\u00e9nico mirobrigense ha desplegado en su programaci\u00f3n oficial 43 propuestas de 47 compa\u00f1\u00edas, con representaci\u00f3n de diez comunidades espa\u00f1olas y de Portugal. La edici\u00f3n ha ratificado el car\u00e1cter referencial de la Feria en el occidente peninsular, al reservar m\u00e1s del 70 % de su cartel a trabajos procedentes de esa \u00e1rea geogr\u00e1fica, con especial representaci\u00f3n de las producciones de Castilla y Le\u00f3n, que han copado m\u00e1s de un tercio de la oferta con 15 espect\u00e1culos solo en el cartel principal. La realidad esc\u00e9nica de esa parte de la pen\u00ednsula a la que desde sus or\u00edgenes ha mirado la Feria se ha reforzado gracias a los siete representantes de Extremadura, tres de Galicia y siete de Portugal. La presencia del pa\u00eds vecino se ha reforzado en la edici\u00f3n a trav\u00e9s de DGARTES (la Dire\u00e7\u00e3o-Geral das Artes del Ministerio de Cultura de la Rep\u00fablica Portuguesa), que ha elegido el escaparate mirobrigense como espacio prioritario de promoci\u00f3n de las artes esc\u00e9nicas lusas en Espa\u00f1a.<br \/>\nCatorce trabajos de calle (incluido el de la fiesta de clausura, \u2018Cavaldeath\u2019, de Produccions Scura) y una treintena de sala han configurado un programa con creaciones de distintas disciplinas esc\u00e9nicas y enfocados a todos los p\u00fablicos desde la primera infancia. Entre las m\u00e1s de 60 funciones realizadas, el p\u00fablico ha podido encontrarse con g\u00e9neros y formatos diversos de teatro contempor\u00e1neo, cl\u00e1sico, de t\u00edteres y objetos, danza, circo y magia.<br \/>\nLa programaci\u00f3n paralela ha contado con otras cuatro compa\u00f1\u00edas, una brasile\u00f1a entre ellas, y siete m\u00e1s han participado en el programa de animaci\u00f3n teatral para ni\u00f1os y ni\u00f1as Divierteatro, en ambos casos con una destacada presencia de formaciones castellanas y leonesas.<br \/>\nLa colaboraci\u00f3n institucional constituye uno de los puntales de este mercado esc\u00e9nico y los acuerdos bilaterales con otras citas, como las lusas de Fund\u00e3o y Aveiro, resultan determinantes para la movilidad de las compa\u00f1\u00edas participantes hacia otras ferias. La Feria de Teatro de Castilla y Le\u00f3n est\u00e1 organizada por la Consejer\u00eda de Cultura, Turismo y Deporte y coordinada por la Asociaci\u00f3n Cultural C\u00edvitas Animaci\u00f3n, con la colaboraci\u00f3n de Ayuntamiento de Ciudad Rodrigo y la Diputaci\u00f3n de Salamanca y el apoyo del INAEM, la Junta de Extremadura, Asociaciones Federadas de Empresarios de Ciudad Rodrigo (Afecir), la Direcci\u00f3n General de las Artes del Gobierno de Portugal y Cofae. <\/p>\n<p>M\u00e1s informaci\u00f3n en:<br \/>\nwww.feriadeteatro.com <\/p>\n","protected":false},"excerpt":{"rendered":"<p>La Feria de Teatro de Castilla y Le\u00f3n recupera en su 25 aniversario el pulso de los a\u00f1os [&hellip;]<\/p>\n","protected":false},"author":2,"featured_media":8431,"comment_status":"open","ping_status":"open","sticky":false,"template":"","format":"standard","meta":{"footnotes":""},"categories":[7,8],"tags":[],"class_list":["post-8430","post","type-post","status-publish","format-standard","has-post-thumbnail","hentry","category-notas-de-prensa","category-noticias"],"_links":{"self":[{"href":"https:\/\/www.feriadeteatro.com\/feria2022\/wp-json\/wp\/v2\/posts\/8430","targetHints":{"allow":["GET"]}}],"collection":[{"href":"https:\/\/www.feriadeteatro.com\/feria2022\/wp-json\/wp\/v2\/posts"}],"about":[{"href":"https:\/\/www.feriadeteatro.com\/feria2022\/wp-json\/wp\/v2\/types\/post"}],"author":[{"embeddable":true,"href":"https:\/\/www.feriadeteatro.com\/feria2022\/wp-json\/wp\/v2\/users\/2"}],"replies":[{"embeddable":true,"href":"https:\/\/www.feriadeteatro.com\/feria2022\/wp-json\/wp\/v2\/comments?post=8430"}],"version-history":[{"count":1,"href":"https:\/\/www.feriadeteatro.com\/feria2022\/wp-json\/wp\/v2\/posts\/8430\/revisions"}],"predecessor-version":[{"id":8432,"href":"https:\/\/www.feriadeteatro.com\/feria2022\/wp-json\/wp\/v2\/posts\/8430\/revisions\/8432"}],"wp:featuredmedia":[{"embeddable":true,"href":"https:\/\/www.feriadeteatro.com\/feria2022\/wp-json\/wp\/v2\/media\/8431"}],"wp:attachment":[{"href":"https:\/\/www.feriadeteatro.com\/feria2022\/wp-json\/wp\/v2\/media?parent=8430"}],"wp:term":[{"taxonomy":"category","embeddable":true,"href":"https:\/\/www.feriadeteatro.com\/feria2022\/wp-json\/wp\/v2\/categories?post=8430"},{"taxonomy":"post_tag","embeddable":true,"href":"https:\/\/www.feriadeteatro.com\/feria2022\/wp-json\/wp\/v2\/tags?post=8430"}],"curies":[{"name":"wp","href":"https:\/\/api.w.org\/{rel}","templated":true}]}}