{"id":8442,"date":"2022-08-29T12:11:23","date_gmt":"2022-08-29T12:11:23","guid":{"rendered":"https:\/\/www.feriadeteatro.com\/feria2022\/?p=8442"},"modified":"2022-08-29T12:11:23","modified_gmt":"2022-08-29T12:11:23","slug":"el-publico-de-la-25-feria-de-teatro-de-castilla-y-leon-premia-con-sus-votos-a-las-companias-la-maquine-coracao-nas-maos-y-apanadaria","status":"publish","type":"post","link":"https:\/\/www.feriadeteatro.com\/feria2022\/2022\/08\/29\/el-publico-de-la-25-feria-de-teatro-de-castilla-y-leon-premia-con-sus-votos-a-las-companias-la-maquine-coracao-nas-maos-y-apanadaria\/","title":{"rendered":"El p\u00fablico de la 25 Feria de Teatro de Castilla y Le\u00f3n premia con sus votos a las compa\u00f1\u00edas La Maquin\u00e9, Cora\u00e7ao Nas M\u00e3os y Apanadar\u00eda"},"content":{"rendered":"<p>El p\u00fablico de la 25 Feria de Teatro de Castilla y Le\u00f3n premia con sus votos a las compa\u00f1\u00edas La Maquin\u00e9, Cora\u00e7ao Nas M\u00e3os y A Panadar\u00eda<br \/>\nLa Feria de Teatro de Castilla y Le\u00f3n desped\u00eda su vigesimoquinto aniversario el s\u00e1bado tras la puesta en escena de 43 montajes en m\u00e1s de 60 representaciones desde el martes 23. Diferentes salas y espacios al aire libre de la localidad salmantina de Ciudad Rodrigo acogieron un cartel que abarcaba todos los g\u00e9neros esc\u00e9nicos y que se dirig\u00eda a todos los p\u00fablicos. Como ya es habitual en los \u00faltimos a\u00f1os, los espectadores y las espectadoras han decidido los galardones mediante sus votos a trav\u00e9s de la app oficial de la Feria. Los Premios del P\u00fablico 2022, que organiza la mirobrigense Asociaci\u00f3n de Amigos del Teatro, se entregar\u00e1n el pr\u00f3ximo a\u00f1o durante la 26 Feria de Teatro.<br \/>\nLa 25 Feria de Teatro de Castilla y Le\u00f3n ya tiene palmar\u00e9s. Los premios del p\u00fablico, organizados por la Asociaci\u00f3n de Amigos del Teatro de Ciudad Rodrigo desde el a\u00f1o 2004 y que otorga el p\u00fablico con sus votos a trav\u00e9s de la aplicaci\u00f3n oficial de la cita esc\u00e9nica, han reca\u00eddo en la andaluza La Maquin\u00e9, la portuguesa Cora\u00e7ao Nas M\u00e3os y la gallega A Panadar\u00eda.<br \/>\nEra uno de los estrenos absolutos de esta edici\u00f3n. La compa\u00f1\u00eda andaluza La Maquin\u00e9 pon\u00eda en escena en el Teatro Nuevo Fernando Arrabal por primera vez \u2018Estaci\u00f3n Para\u00edso\u2019, pensada para mayores de 7 a\u00f1os. La historia sobre el paso del tiempo, la vejez y la soledad se ha alzado con el premio al mejor espect\u00e1culo Infantil \/ Familiar.<br \/>\nEn la categor\u00eda de mejor espect\u00e1culo de calle el elegido ha sido el montaje \u2018Ch\u00e1 das cinco\u2019 (\u2018T\u00e9 de las cinco\u2019), un trabajo que se estrenaba el pasado mi\u00e9rcoles en nuestro pa\u00eds y que recalaba en la Feria de Teatro de la mano de la compa\u00f1\u00eda portuguesa Cora\u00e7\u00e3o nas M\u00e3os, creado e interpretada por Daniela Leite Castro, Joana Carmo Martins, Marta Costa y Rita Carmo Martins.<br \/>\nLos gallegos de A Panadar\u00eda, en coproducci\u00f3n con el Centro Dram\u00e1tico Nacional, se llevan el premio al mejor espect\u00e1culo de sala por su cr\u00edtica a las condiciones laborales de las camareras de hotel. \u2018Las que limpian\u2019 cerraba la programaci\u00f3n del jueves en el patio de Los Sitios.<br \/>\nLa Feria de Teatro de Castilla y Le\u00f3n est\u00e1 organizada por la Consejer\u00eda de Cultura, Turismo y Deporte y coordinada por la Asociaci\u00f3n Cultural C\u00edvitas Animaci\u00f3n, con la colaboraci\u00f3n de Ayuntamiento de Ciudad Rodrigo y la Diputaci\u00f3n de Salamanca y el apoyo del INAEM, la Junta de Extremadura, Asociaciones Federadas de Empresarios de Ciudad Rodrigo (Afecir), la Direcci\u00f3n General de las Artes del Gobierno de Portugal y Cofae. <\/p>\n<p>M\u00e1s informaci\u00f3n en:<br \/>\nwww.feriadeteatro.com <\/p>\n","protected":false},"excerpt":{"rendered":"<p>El p\u00fablico de la 25 Feria de Teatro de Castilla y Le\u00f3n premia con sus votos a las [&hellip;]<\/p>\n","protected":false},"author":2,"featured_media":8437,"comment_status":"open","ping_status":"open","sticky":false,"template":"","format":"standard","meta":{"footnotes":""},"categories":[7,8],"tags":[],"class_list":["post-8442","post","type-post","status-publish","format-standard","has-post-thumbnail","hentry","category-notas-de-prensa","category-noticias"],"_links":{"self":[{"href":"https:\/\/www.feriadeteatro.com\/feria2022\/wp-json\/wp\/v2\/posts\/8442","targetHints":{"allow":["GET"]}}],"collection":[{"href":"https:\/\/www.feriadeteatro.com\/feria2022\/wp-json\/wp\/v2\/posts"}],"about":[{"href":"https:\/\/www.feriadeteatro.com\/feria2022\/wp-json\/wp\/v2\/types\/post"}],"author":[{"embeddable":true,"href":"https:\/\/www.feriadeteatro.com\/feria2022\/wp-json\/wp\/v2\/users\/2"}],"replies":[{"embeddable":true,"href":"https:\/\/www.feriadeteatro.com\/feria2022\/wp-json\/wp\/v2\/comments?post=8442"}],"version-history":[{"count":1,"href":"https:\/\/www.feriadeteatro.com\/feria2022\/wp-json\/wp\/v2\/posts\/8442\/revisions"}],"predecessor-version":[{"id":8445,"href":"https:\/\/www.feriadeteatro.com\/feria2022\/wp-json\/wp\/v2\/posts\/8442\/revisions\/8445"}],"wp:featuredmedia":[{"embeddable":true,"href":"https:\/\/www.feriadeteatro.com\/feria2022\/wp-json\/wp\/v2\/media\/8437"}],"wp:attachment":[{"href":"https:\/\/www.feriadeteatro.com\/feria2022\/wp-json\/wp\/v2\/media?parent=8442"}],"wp:term":[{"taxonomy":"category","embeddable":true,"href":"https:\/\/www.feriadeteatro.com\/feria2022\/wp-json\/wp\/v2\/categories?post=8442"},{"taxonomy":"post_tag","embeddable":true,"href":"https:\/\/www.feriadeteatro.com\/feria2022\/wp-json\/wp\/v2\/tags?post=8442"}],"curies":[{"name":"wp","href":"https:\/\/api.w.org\/{rel}","templated":true}]}}